
{"id":17245,"date":"2012-06-23T22:15:27","date_gmt":"2012-06-24T01:15:27","guid":{"rendered":"http:\/\/www.sudoestehoje.com.br\/novoportal\/?p=17245"},"modified":"2012-06-23T22:23:51","modified_gmt":"2012-06-24T01:23:51","slug":"irresponsabilidade-explicita","status":"publish","type":"post","link":"https:\/\/www.sudoestehoje.com.br\/novoportal\/2012\/06\/23\/irresponsabilidade-explicita\/","title":{"rendered":"IRRESPONSABILIDADE EXPL\u00cdCITA"},"content":{"rendered":"<div id=\"attachment_17246\" style=\"width: 310px\" class=\"wp-caption aligncenter\"><a href=\"http:\/\/www.sudoestehoje.com.br\/novoportal\/wp-content\/uploads\/2012\/06\/IMG0050A.jpg\"><img decoding=\"async\" aria-describedby=\"caption-attachment-17246\" class=\" wp-image-17246 \" title=\"IMG0050A\" src=\"http:\/\/www.sudoestehoje.com.br\/novoportal\/wp-content\/uploads\/2012\/06\/IMG0050A.jpg\" alt=\"\" width=\"300\" \/><\/a><p id=\"caption-attachment-17246\" class=\"wp-caption-text\">Cavalos continuam soltos no Parque da Lagoa, nas barbas das autoridades, e podem causar outros acidentes graves, como o que ceifou a vida do motoqueiro &quot;Galego do Som&#39;, nesta quinta-feira.<\/p><\/div>\n<p>ITAPETINGA: Dias atr\u00e1s, denunciamos a presen\u00e7a de animais no Parque da Lagoa e advertimos para o perigo que isto poderia representar, caso acontecesse um choque entre algum ve\u00edculo e estes animais. Nesta quinta-feira, infelizmente, aconteceu o que previmos, com um rapaz chocando a sua moto com um cavalo e falecendo instantaneamente. Apesar do lament\u00e1vel acontecimento, a prefeitura de Itapetinga continua negligenciando e permitindo a presen\u00e7a de cavalos nas ruas, como foi flagrado na manh\u00e3 deste s\u00e1bado de S\u00e3o Jo\u00e3o, no Parque da Lagoa, onde a festa se realiza.<\/p>\n<p style=\"text-align: center;\"><a href=\"http:\/\/www.sudoestehoje.com.br\/novoportal\/wp-content\/uploads\/2012\/06\/IMG0048A.jpg\"><img decoding=\"async\" class=\"aligncenter  wp-image-17250\" title=\"IMG0048A\" src=\"http:\/\/www.sudoestehoje.com.br\/novoportal\/wp-content\/uploads\/2012\/06\/IMG0048A.jpg\" alt=\"\" width=\"300\" \/><\/a><\/p>\n<p>Apelamos para os &#8216;irrespons\u00e1veis&#8217; da prefeitura que cumpram o seu dever, antes que outro acidente grave aconte\u00e7a e o prefeito seja responsabilizado criminalmente pelo que possa ocorrer.<\/p>\n<p><strong><em>Por Davi Ferraz\u00a0<\/em><\/strong><\/p>\n","protected":false},"excerpt":{"rendered":"<p>ITAPETINGA: Dias atr\u00e1s, denunciamos a presen\u00e7a de animais no Parque da Lagoa e advertimos para o perigo que isto poderia representar, caso acontecesse um choque entre algum ve\u00edculo e estes animais. Nesta quinta-feira, infelizmente, aconteceu o que previmos, com um rapaz chocando a sua moto com um cavalo e falecendo instantaneamente. Apesar do lament\u00e1vel acontecimento, [&hellip;]<\/p>\n","protected":false},"author":2,"featured_media":0,"comment_status":"open","ping_status":"open","sticky":false,"template":"","format":"standard","meta":{"footnotes":"","_links_to":"","_links_to_target":""},"categories":[1],"tags":[],"class_list":["post-17245","post","type-post","status-publish","format-standard","hentry","category-geral"],"views":1185,"_links":{"self":[{"href":"https:\/\/www.sudoestehoje.com.br\/novoportal\/wp-json\/wp\/v2\/posts\/17245","targetHints":{"allow":["GET"]}}],"collection":[{"href":"https:\/\/www.sudoestehoje.com.br\/novoportal\/wp-json\/wp\/v2\/posts"}],"about":[{"href":"https:\/\/www.sudoestehoje.com.br\/novoportal\/wp-json\/wp\/v2\/types\/post"}],"author":[{"embeddable":true,"href":"https:\/\/www.sudoestehoje.com.br\/novoportal\/wp-json\/wp\/v2\/users\/2"}],"replies":[{"embeddable":true,"href":"https:\/\/www.sudoestehoje.com.br\/novoportal\/wp-json\/wp\/v2\/comments?post=17245"}],"version-history":[{"count":5,"href":"https:\/\/www.sudoestehoje.com.br\/novoportal\/wp-json\/wp\/v2\/posts\/17245\/revisions"}],"predecessor-version":[{"id":17252,"href":"https:\/\/www.sudoestehoje.com.br\/novoportal\/wp-json\/wp\/v2\/posts\/17245\/revisions\/17252"}],"wp:attachment":[{"href":"https:\/\/www.sudoestehoje.com.br\/novoportal\/wp-json\/wp\/v2\/media?parent=17245"}],"wp:term":[{"taxonomy":"category","embeddable":true,"href":"https:\/\/www.sudoestehoje.com.br\/novoportal\/wp-json\/wp\/v2\/categories?post=17245"},{"taxonomy":"post_tag","embeddable":true,"href":"https:\/\/www.sudoestehoje.com.br\/novoportal\/wp-json\/wp\/v2\/tags?post=17245"}],"curies":[{"name":"wp","href":"https:\/\/api.w.org\/{rel}","templated":true}]}}