
{"id":17231,"date":"2012-06-23T18:49:33","date_gmt":"2012-06-23T21:49:33","guid":{"rendered":"http:\/\/www.sudoestehoje.com.br\/novoportal\/?p=17231"},"modified":"2012-06-23T18:49:33","modified_gmt":"2012-06-23T21:49:33","slug":"barulheira-infernal","status":"publish","type":"post","link":"https:\/\/www.sudoestehoje.com.br\/novoportal\/2012\/06\/23\/barulheira-infernal\/","title":{"rendered":"BARULHEIRA INFERNAL"},"content":{"rendered":"<div id=\"yui_3_2_0_1_1340487495254105\"><img decoding=\"async\" class=\"aligncenter\" src=\"http:\/\/portalesp.com.br\/geral\/wordpress-content\/uploads\/2012\/01\/opiniao.jpg\" alt=\"\" width=\"400\" \/><\/div>\n<div><\/div>\n<div>Recebemos, por e-mail, a bronca de um dos nossos leitores, sobre a barulheira e desordem nas ruas da cidade. Confira e opine:<\/div>\n<div><\/div>\n<div><em>&#8220;Davi, hoje vivemos aqui em Itapetinga mais uma prova do descaso e incompet\u00eancia das nossas institui\u00e7\u00f5es.Um grupo de jovens,oriundos de Brumado,em um Voyage branco,licen\u00e7a de Brumado,trajando camisas da tal festa &#8220;vaca loca&#8221;,abriram o fundo do ve\u00edculo na frende da Central I e ficaram mais de DUAS HORAS com o som nas alturas,impedindo n\u00f3s,moradores da Rua Santos Dumont,Copacabana e parte da Humberto de Campos de ver tv,conversar ou mesmo descansar.Paulista motoboy pediu a eles para abaixarem o som,e foi xingado.Ligamos pra tal da Comutran (essa droga existe?) e disseram que nada poderiam fazer,que estavam sem viatura.Ligamos pra PM,e estes disseram que iriam mandar uma viatura (at\u00e9 agora estamos esperando).Passei de carro pela cidade,Davi,voc\u00ea n\u00e3o v\u00ea um guarda da Comutran,uma viatura sequer da PM (e o Serpa era bom!!!!) e o que vemos s\u00e3o jovens em seus carros e motos,alguns deles embriagados,em som alto e eempregando alta velocidade nas ruas de Itapetinga.\u00a0Nossas institui\u00e7\u00f5es est\u00e3o falidas!!!!Reflexo dessa droga de prefeito que temos&#8230;.&#8221;<\/em><\/div>\n<div><\/div>\n<div><strong><em>Da Reda\u00e7\u00e3o<\/em><\/strong><\/div>\n","protected":false},"excerpt":{"rendered":"<p>Recebemos, por e-mail, a bronca de um dos nossos leitores, sobre a barulheira e desordem nas ruas da cidade. Confira e opine: &#8220;Davi, hoje vivemos aqui em Itapetinga mais uma prova do descaso e incompet\u00eancia das nossas institui\u00e7\u00f5es.Um grupo de jovens,oriundos de Brumado,em um Voyage branco,licen\u00e7a de Brumado,trajando camisas da tal festa &#8220;vaca loca&#8221;,abriram o [&hellip;]<\/p>\n","protected":false},"author":2,"featured_media":0,"comment_status":"open","ping_status":"open","sticky":false,"template":"","format":"standard","meta":{"footnotes":"","_links_to":"","_links_to_target":""},"categories":[1],"tags":[],"class_list":["post-17231","post","type-post","status-publish","format-standard","hentry","category-geral"],"views":1254,"_links":{"self":[{"href":"https:\/\/www.sudoestehoje.com.br\/novoportal\/wp-json\/wp\/v2\/posts\/17231","targetHints":{"allow":["GET"]}}],"collection":[{"href":"https:\/\/www.sudoestehoje.com.br\/novoportal\/wp-json\/wp\/v2\/posts"}],"about":[{"href":"https:\/\/www.sudoestehoje.com.br\/novoportal\/wp-json\/wp\/v2\/types\/post"}],"author":[{"embeddable":true,"href":"https:\/\/www.sudoestehoje.com.br\/novoportal\/wp-json\/wp\/v2\/users\/2"}],"replies":[{"embeddable":true,"href":"https:\/\/www.sudoestehoje.com.br\/novoportal\/wp-json\/wp\/v2\/comments?post=17231"}],"version-history":[{"count":1,"href":"https:\/\/www.sudoestehoje.com.br\/novoportal\/wp-json\/wp\/v2\/posts\/17231\/revisions"}],"predecessor-version":[{"id":17232,"href":"https:\/\/www.sudoestehoje.com.br\/novoportal\/wp-json\/wp\/v2\/posts\/17231\/revisions\/17232"}],"wp:attachment":[{"href":"https:\/\/www.sudoestehoje.com.br\/novoportal\/wp-json\/wp\/v2\/media?parent=17231"}],"wp:term":[{"taxonomy":"category","embeddable":true,"href":"https:\/\/www.sudoestehoje.com.br\/novoportal\/wp-json\/wp\/v2\/categories?post=17231"},{"taxonomy":"post_tag","embeddable":true,"href":"https:\/\/www.sudoestehoje.com.br\/novoportal\/wp-json\/wp\/v2\/tags?post=17231"}],"curies":[{"name":"wp","href":"https:\/\/api.w.org\/{rel}","templated":true}]}}