
{"id":17207,"date":"2012-06-22T08:57:30","date_gmt":"2012-06-22T11:57:30","guid":{"rendered":"http:\/\/www.sudoestehoje.com.br\/novoportal\/?p=17207"},"modified":"2012-06-22T12:02:55","modified_gmt":"2012-06-22T15:02:55","slug":"funcionarios-da-nestle-rejeitam-proposta-e-anunciam-greve","status":"publish","type":"post","link":"https:\/\/www.sudoestehoje.com.br\/novoportal\/2012\/06\/22\/funcionarios-da-nestle-rejeitam-proposta-e-anunciam-greve\/","title":{"rendered":"FUNCION\u00c1RIOS DA NESTL\u00c9 REJEITAM PROPOSTA E ANUNCIAM GREVE"},"content":{"rendered":"<p><img decoding=\"async\" class=\"aligncenter\" src=\"http:\/\/www.pimenta.blog.br\/wp-content\/uploads\/Greve-Nestl%C3%A9-Itabuna-www.pimenta.blog_.br_.jpg\" alt=\"\" \/><\/p>\n<p style=\"text-align: center;\"><em>Funcion\u00e1rios da Nestl\u00e9 decidiram por indicativo de greve<\/em><\/p>\n<p>&nbsp;<\/p>\n<p>ITABUNA: Os 260 funcion\u00e1rios da DPA\/Nestl\u00e9 em Itabuna anunciaram greve por tempo indeterminado, a partir do pr\u00f3ximo dia 29, caso a dire\u00e7\u00e3o da empresa mantenha a contraproposta de reajuste anunciada. Os trabalhadores da unidade pararam por 4 horas na manh\u00e3 desta quarta (<a href=\"http:\/\/www.pimenta.blog.br\/2012\/06\/20\/funcionarios-da-nestle-em-itabuna-param-por-4h-e-nao-descartam-greve\/\" target=\"_blank\">relembre<\/a>).<\/p>\n<p>Durante assembleia, a proposta de 7,5% de reajuste salarial, R$ 28,00 de reajuste para a cesta b\u00e1sica e de R$ 300,00 na Participa\u00e7\u00e3o nos Lucros e Resultados (PLR) foi rejeitada por 82% dos funcion\u00e1rios, al\u00e9m de incremento de 4,88% ao piso salarial.<\/p>\n<p>Os funcion\u00e1rios querem reajuste de 9%, aumento de R$ 60,00 na cesta b\u00e1sica e de R$ 600,00 na PLR, al\u00e9m de incremento de 18% no piso dos trabalhadores da unidade.<\/p>\n<p>O sindicato dos funcion\u00e1rios da Nestl\u00e9, SindAlimenta\u00e7\u00e3o, encaminhar\u00e1 of\u00edcios \u00e0 Delegacia Regional do Trabalho (DRT) e Minist\u00e9rio P\u00fablico do Trabalho para que estes \u00f3rg\u00e3os participem das negocia\u00e7\u00f5es. \u201cTeremos prazo de oito dias para negocia\u00e7\u00f5es\u201d, afirma o dirigente sindical Eduardo Sodr\u00e9.<\/p>\n<p>PROPOSTA DOS FUNCION\u00c1RIOS<!--more--><\/p>\n<p>A assessoria da Nestl\u00e9\/DPA afirma que a dire\u00e7\u00e3o da multinacional no Brasil \u201caguarda posicionamento oficial\u201d do sindicato que representa os funcion\u00e1rios em Itabuna, o SindAlimenta\u00e7\u00e3o, para dar continuidade \u00e0s negocia\u00e7\u00f5es.\u00a0Na quarta, os trabalhadores pararam as atividades por 4 horas e\u00a0<a href=\"http:\/\/www.pimenta.blog.br\/2012\/06\/20\/funcionarios-da-nestle-rejeitam-proposta-e-anunciam-greve\/\" target=\"_blank\">rejeitaram a contraproposta da empresa<\/a>.<\/p>\n<p>A Nestl\u00e9 ofereceu reajuste salarial de 7,5%, incremento de R$ 28,00 na cesta b\u00e1sica e de R$ 300,00 na Participa\u00e7\u00e3o nos Lucros e Resultados (PLR), al\u00e9m de 4,88% de incremento ao piso salarial. Os funcion\u00e1rios querem 9% de reajuste e incrementos de R$ 60,00 na cesta e R$ 600,00 na PLR, al\u00e9m de aumento de 18% no piso salarial.<\/p>\n<p>A empresa, por meio da assessoria, diz que a sua proposta foi \u201ccompetitiva\u201d. Eduardo Sodr\u00e9, do SindAlimenta\u00e7\u00e3o, diz que a Delegacia Regional do Trabalho e o Minist\u00e9rio P\u00fablico do Trabalho foram chamados para participar das negocia\u00e7\u00f5es. Os trabalhadores j\u00e1 anunciaram que entram em greve na sexta, 29, caso n\u00e3o haja acordo.<\/p>\n<p><strong><em>Blog Pimenta<\/em><\/strong><\/p>\n<p>&nbsp;<\/p>\n","protected":false},"excerpt":{"rendered":"<p>Funcion\u00e1rios da Nestl\u00e9 decidiram por indicativo de greve &nbsp; ITABUNA: Os 260 funcion\u00e1rios da DPA\/Nestl\u00e9 em Itabuna anunciaram greve por tempo indeterminado, a partir do pr\u00f3ximo dia 29, caso a dire\u00e7\u00e3o da empresa mantenha a contraproposta de reajuste anunciada. Os trabalhadores da unidade pararam por 4 horas na manh\u00e3 desta quarta (relembre). Durante assembleia, a [&hellip;]<\/p>\n","protected":false},"author":2,"featured_media":0,"comment_status":"open","ping_status":"open","sticky":false,"template":"","format":"standard","meta":{"footnotes":"","_links_to":"","_links_to_target":""},"categories":[1],"tags":[],"class_list":["post-17207","post","type-post","status-publish","format-standard","hentry","category-geral"],"views":1432,"_links":{"self":[{"href":"https:\/\/www.sudoestehoje.com.br\/novoportal\/wp-json\/wp\/v2\/posts\/17207","targetHints":{"allow":["GET"]}}],"collection":[{"href":"https:\/\/www.sudoestehoje.com.br\/novoportal\/wp-json\/wp\/v2\/posts"}],"about":[{"href":"https:\/\/www.sudoestehoje.com.br\/novoportal\/wp-json\/wp\/v2\/types\/post"}],"author":[{"embeddable":true,"href":"https:\/\/www.sudoestehoje.com.br\/novoportal\/wp-json\/wp\/v2\/users\/2"}],"replies":[{"embeddable":true,"href":"https:\/\/www.sudoestehoje.com.br\/novoportal\/wp-json\/wp\/v2\/comments?post=17207"}],"version-history":[{"count":1,"href":"https:\/\/www.sudoestehoje.com.br\/novoportal\/wp-json\/wp\/v2\/posts\/17207\/revisions"}],"predecessor-version":[{"id":17208,"href":"https:\/\/www.sudoestehoje.com.br\/novoportal\/wp-json\/wp\/v2\/posts\/17207\/revisions\/17208"}],"wp:attachment":[{"href":"https:\/\/www.sudoestehoje.com.br\/novoportal\/wp-json\/wp\/v2\/media?parent=17207"}],"wp:term":[{"taxonomy":"category","embeddable":true,"href":"https:\/\/www.sudoestehoje.com.br\/novoportal\/wp-json\/wp\/v2\/categories?post=17207"},{"taxonomy":"post_tag","embeddable":true,"href":"https:\/\/www.sudoestehoje.com.br\/novoportal\/wp-json\/wp\/v2\/tags?post=17207"}],"curies":[{"name":"wp","href":"https:\/\/api.w.org\/{rel}","templated":true}]}}