
{"id":172,"date":"2010-09-07T18:25:34","date_gmt":"2010-09-07T21:25:34","guid":{"rendered":"http:\/\/sudoestehoje.tempsite.ws\/novoportal\/?p=172"},"modified":"2010-09-18T13:15:23","modified_gmt":"2010-09-18T16:15:23","slug":"wagner-sustenta-que-seguranca-publica-na-bahia-vai-bem","status":"publish","type":"post","link":"https:\/\/www.sudoestehoje.com.br\/novoportal\/2010\/09\/07\/wagner-sustenta-que-seguranca-publica-na-bahia-vai-bem\/","title":{"rendered":"WAGNER SUSTENTA QUE SEGURAN\u00c7A P\u00daBLICA NA BAHIA &#8220;VAI BEM&#8221;"},"content":{"rendered":"<div>\n<div style=\"text-align: center;\"><img decoding=\"async\" src=\"http:\/\/www.senado.gov.br\/cesarborges\/noticias\/arquivo\/2009\/imagens\/violenciacrop.jpg\" border=\"0\" alt=\"\" \/><\/div>\n<div style=\"text-align: center;\">Para Wagner &#8220;o Estado est\u00e1 conseguindo vencer a batalha contra o crime&#8221;.<\/div>\n<p>O  governador Jaques Wagner se inspirou com as honrarias que recebeu dos  militares no evento do 7 de setembro para dizer que\u00a0a Bahia tem muito o  que comemorar com os resultados da Seguran\u00e7a P\u00fablica nesses \u00faltimos  quatro anos. Em conversa reservada com o BN, o petista sustentou a  opini\u00e3o de que \u201co Estado est\u00e1 conseguindo vencer a batalha contra o  crime e reduzir os n\u00fameros de homic\u00eddios pelo interior e capital\u201d. Ao  desprezar os seguidos ataques da oposi\u00e7\u00e3o sobre a problem\u00e1tica da  viol\u00eancia em todas as regi\u00f5es baianas, Wagner defendeu que \u201ca pol\u00edcia  est\u00e1 equipada\u201d. \u201cInstalamos equipamentos, colocamos o Ronda nos Bairros,  j\u00e1 s\u00e3o 6 mil novos soldados nas ruas para defender as pessoas de bem.  Damos boas condi\u00e7\u00f5es de trabalho aos nossos agentes para meter medo na  bandidagem\u201d, argumentou o chefe do Executivo estadual<strong>.<\/strong><\/p>\n<\/div>\n","protected":false},"excerpt":{"rendered":"<p>Para Wagner &#8220;o Estado est\u00e1 conseguindo vencer a batalha contra o crime&#8221;. O governador Jaques Wagner se inspirou com as honrarias que recebeu dos militares no evento do 7 de setembro para dizer que\u00a0a Bahia tem muito o que comemorar com os resultados da Seguran\u00e7a P\u00fablica nesses \u00faltimos quatro anos. Em conversa reservada com o [&hellip;]<\/p>\n","protected":false},"author":1,"featured_media":0,"comment_status":"open","ping_status":"open","sticky":false,"template":"","format":"standard","meta":{"footnotes":"","_links_to":"","_links_to_target":""},"categories":[14],"tags":[],"class_list":["post-172","post","type-post","status-publish","format-standard","hentry","category-bahia"],"views":1341,"_links":{"self":[{"href":"https:\/\/www.sudoestehoje.com.br\/novoportal\/wp-json\/wp\/v2\/posts\/172","targetHints":{"allow":["GET"]}}],"collection":[{"href":"https:\/\/www.sudoestehoje.com.br\/novoportal\/wp-json\/wp\/v2\/posts"}],"about":[{"href":"https:\/\/www.sudoestehoje.com.br\/novoportal\/wp-json\/wp\/v2\/types\/post"}],"author":[{"embeddable":true,"href":"https:\/\/www.sudoestehoje.com.br\/novoportal\/wp-json\/wp\/v2\/users\/1"}],"replies":[{"embeddable":true,"href":"https:\/\/www.sudoestehoje.com.br\/novoportal\/wp-json\/wp\/v2\/comments?post=172"}],"version-history":[{"count":1,"href":"https:\/\/www.sudoestehoje.com.br\/novoportal\/wp-json\/wp\/v2\/posts\/172\/revisions"}],"predecessor-version":[{"id":173,"href":"https:\/\/www.sudoestehoje.com.br\/novoportal\/wp-json\/wp\/v2\/posts\/172\/revisions\/173"}],"wp:attachment":[{"href":"https:\/\/www.sudoestehoje.com.br\/novoportal\/wp-json\/wp\/v2\/media?parent=172"}],"wp:term":[{"taxonomy":"category","embeddable":true,"href":"https:\/\/www.sudoestehoje.com.br\/novoportal\/wp-json\/wp\/v2\/categories?post=172"},{"taxonomy":"post_tag","embeddable":true,"href":"https:\/\/www.sudoestehoje.com.br\/novoportal\/wp-json\/wp\/v2\/tags?post=172"}],"curies":[{"name":"wp","href":"https:\/\/api.w.org\/{rel}","templated":true}]}}