
{"id":17187,"date":"2012-06-21T09:39:39","date_gmt":"2012-06-21T12:39:39","guid":{"rendered":"http:\/\/www.sudoestehoje.com.br\/novoportal\/?p=17187"},"modified":"2012-06-21T10:43:26","modified_gmt":"2012-06-21T13:43:26","slug":"macarani-acidente-grave-deixa-um-morto-e-outro-ferido","status":"publish","type":"post","link":"https:\/\/www.sudoestehoje.com.br\/novoportal\/2012\/06\/21\/macarani-acidente-grave-deixa-um-morto-e-outro-ferido\/","title":{"rendered":"JOVEM MOTOCICLISTA MORRE EM ACIDENTE NA ESTRADA DE MACARANI"},"content":{"rendered":"<p><img decoding=\"async\" class=\"aligncenter\" src=\"http:\/\/1.bp.blogspot.com\/-OQ3Zb8fNIwA\/T-JSYUTTjXI\/AAAAAAAAGDo\/XomFkHqS9Cg\/s640\/ACIDENTE+007.JPG\" alt=\"\" width=\"400\" \/><\/p>\n<p style=\"text-align: center;\"><em>Moto guiada por Herbert invadiu a conta-m\u00e3o e chocou-se contra o Uno<\/em><\/p>\n<p>&nbsp;<\/p>\n<p>MACARANI: Morreu no final da tarde desta quarta-feira, em Macarani, o jovem Hebert Anderson, vitima de acidente, quando a moto Honda Biz que pilotava colidiu de frente com o Fiat Uno pilotado pelo empres\u00e1rio Almir Teixeira Jr. Segundo informa\u00e7\u00f5es prestadas pelo Sr. Almir aos policiais, o acidente ocorreu quando o piloto da moto tentou fazer uma ultrapassagem, invadiu o faixa contraria, vindo a colidir com seu ve\u00edculo.<\/p>\n<p><img decoding=\"async\" class=\"aligncenter\" src=\"http:\/\/www.macaraninews.com.br\/wp-content\/uploads\/2012\/06\/picapau.jpg\" alt=\"\" width=\"300\" \/><\/p>\n<p>O motorista do Fiat envolvido na colis\u00e3o acionou o servi\u00e7o m\u00f3vel 192, que ao chegar ao local j\u00e1 encontrou o jovem Hebert sem vida. O acidente teve tamanha viol\u00eancia que o jovem Hebert, mais conhecido por &#8216;Pica-Pau&#8217;, \u00a0teve morte instant\u00e2nea. Os peritos da pol\u00edcia civil de Itapetinga fizeram a pericia no local do acidente e em alguns dias devem apontar os resultados.<\/p>\n<p>O acidente comoveu as centenas de pessoas que estiveram no local, o que denota a grande saudade que &#8216;Pica-Pau&#8217; vai deixar em fun\u00e7\u00e3o da morte prematura.<\/p>\n<p><strong><em>Macarani News<\/em><\/strong><\/p>\n","protected":false},"excerpt":{"rendered":"<p>Moto guiada por Herbert invadiu a conta-m\u00e3o e chocou-se contra o Uno &nbsp; MACARANI: Morreu no final da tarde desta quarta-feira, em Macarani, o jovem Hebert Anderson, vitima de acidente, quando a moto Honda Biz que pilotava colidiu de frente com o Fiat Uno pilotado pelo empres\u00e1rio Almir Teixeira Jr. Segundo informa\u00e7\u00f5es prestadas pelo Sr. [&hellip;]<\/p>\n","protected":false},"author":2,"featured_media":0,"comment_status":"open","ping_status":"open","sticky":false,"template":"","format":"standard","meta":{"footnotes":"","_links_to":"","_links_to_target":""},"categories":[1],"tags":[],"class_list":["post-17187","post","type-post","status-publish","format-standard","hentry","category-geral"],"views":2110,"_links":{"self":[{"href":"https:\/\/www.sudoestehoje.com.br\/novoportal\/wp-json\/wp\/v2\/posts\/17187","targetHints":{"allow":["GET"]}}],"collection":[{"href":"https:\/\/www.sudoestehoje.com.br\/novoportal\/wp-json\/wp\/v2\/posts"}],"about":[{"href":"https:\/\/www.sudoestehoje.com.br\/novoportal\/wp-json\/wp\/v2\/types\/post"}],"author":[{"embeddable":true,"href":"https:\/\/www.sudoestehoje.com.br\/novoportal\/wp-json\/wp\/v2\/users\/2"}],"replies":[{"embeddable":true,"href":"https:\/\/www.sudoestehoje.com.br\/novoportal\/wp-json\/wp\/v2\/comments?post=17187"}],"version-history":[{"count":5,"href":"https:\/\/www.sudoestehoje.com.br\/novoportal\/wp-json\/wp\/v2\/posts\/17187\/revisions"}],"predecessor-version":[{"id":17191,"href":"https:\/\/www.sudoestehoje.com.br\/novoportal\/wp-json\/wp\/v2\/posts\/17187\/revisions\/17191"}],"wp:attachment":[{"href":"https:\/\/www.sudoestehoje.com.br\/novoportal\/wp-json\/wp\/v2\/media?parent=17187"}],"wp:term":[{"taxonomy":"category","embeddable":true,"href":"https:\/\/www.sudoestehoje.com.br\/novoportal\/wp-json\/wp\/v2\/categories?post=17187"},{"taxonomy":"post_tag","embeddable":true,"href":"https:\/\/www.sudoestehoje.com.br\/novoportal\/wp-json\/wp\/v2\/tags?post=17187"}],"curies":[{"name":"wp","href":"https:\/\/api.w.org\/{rel}","templated":true}]}}