
{"id":17183,"date":"2012-06-21T09:31:05","date_gmt":"2012-06-21T12:31:05","guid":{"rendered":"http:\/\/www.sudoestehoje.com.br\/novoportal\/?p=17183"},"modified":"2012-06-21T09:31:05","modified_gmt":"2012-06-21T12:31:05","slug":"acaba-a-greve-dos-professores-da-rede-estadual-em-itapetinga","status":"publish","type":"post","link":"https:\/\/www.sudoestehoje.com.br\/novoportal\/2012\/06\/21\/acaba-a-greve-dos-professores-da-rede-estadual-em-itapetinga\/","title":{"rendered":"ACABA A GREVE DOS PROFESSORES DA REDE ESTADUAL EM ITAPETINGA"},"content":{"rendered":"<p><img loading=\"lazy\" decoding=\"async\" class=\"aligncenter\" src=\"http:\/\/blogdozeferreira.com.br\/blog\/wp-content\/uploads\/2012\/06\/clip_image001_thumb5.jpg\" alt=\"clip_image001\" width=\"400\" height=\"264\" \/><\/p>\n<p style=\"text-align: center;\"><em>Corte dos sal\u00e1rios foi determinante para o retorno dos professores<\/em><\/p>\n<p>&nbsp;<\/p>\n<p>ITAPETINGA: Acabou a greve dos professores da rede estadual em Itapetinga. Depois de muito debate e diferentes opini\u00f5es, os professores dos diversos col\u00e9gios da cidade decidiram retornar as aulas a partir do dia 25, depois das festas juninas. A decis\u00e3o foi tomada na tarde desta quarta-feira (20) em reuni\u00e3o na sede do Sindicato.<\/p>\n<p>A APLB divulgou nota na imprensa e vai colocar carro de som na rua para convocar os estudantes. O principal motivo do fim da greve em Itapetinga foi o econ\u00f4mico, j\u00e1 que a categoria est\u00e1 sem receber sal\u00e1rios h\u00e1 tr\u00eas meses. Em Salvador haver\u00e1 nova assembl\u00e9ia dia 26 e a previs\u00e3o \u00e9 de que a greve se estenda at\u00e9 o dia 02 de Julho, data da independ\u00eancia da Bahia. <em>Blog do Z\u00e9 Ferreira<\/em><\/p>\n","protected":false},"excerpt":{"rendered":"<p>Corte dos sal\u00e1rios foi determinante para o retorno dos professores &nbsp; ITAPETINGA: Acabou a greve dos professores da rede estadual em Itapetinga. Depois de muito debate e diferentes opini\u00f5es, os professores dos diversos col\u00e9gios da cidade decidiram retornar as aulas a partir do dia 25, depois das festas juninas. A decis\u00e3o foi tomada na tarde [&hellip;]<\/p>\n","protected":false},"author":2,"featured_media":0,"comment_status":"open","ping_status":"open","sticky":false,"template":"","format":"standard","meta":{"footnotes":"","_links_to":"","_links_to_target":""},"categories":[1],"tags":[],"class_list":["post-17183","post","type-post","status-publish","format-standard","hentry","category-geral"],"views":1331,"_links":{"self":[{"href":"https:\/\/www.sudoestehoje.com.br\/novoportal\/wp-json\/wp\/v2\/posts\/17183","targetHints":{"allow":["GET"]}}],"collection":[{"href":"https:\/\/www.sudoestehoje.com.br\/novoportal\/wp-json\/wp\/v2\/posts"}],"about":[{"href":"https:\/\/www.sudoestehoje.com.br\/novoportal\/wp-json\/wp\/v2\/types\/post"}],"author":[{"embeddable":true,"href":"https:\/\/www.sudoestehoje.com.br\/novoportal\/wp-json\/wp\/v2\/users\/2"}],"replies":[{"embeddable":true,"href":"https:\/\/www.sudoestehoje.com.br\/novoportal\/wp-json\/wp\/v2\/comments?post=17183"}],"version-history":[{"count":3,"href":"https:\/\/www.sudoestehoje.com.br\/novoportal\/wp-json\/wp\/v2\/posts\/17183\/revisions"}],"predecessor-version":[{"id":17186,"href":"https:\/\/www.sudoestehoje.com.br\/novoportal\/wp-json\/wp\/v2\/posts\/17183\/revisions\/17186"}],"wp:attachment":[{"href":"https:\/\/www.sudoestehoje.com.br\/novoportal\/wp-json\/wp\/v2\/media?parent=17183"}],"wp:term":[{"taxonomy":"category","embeddable":true,"href":"https:\/\/www.sudoestehoje.com.br\/novoportal\/wp-json\/wp\/v2\/categories?post=17183"},{"taxonomy":"post_tag","embeddable":true,"href":"https:\/\/www.sudoestehoje.com.br\/novoportal\/wp-json\/wp\/v2\/tags?post=17183"}],"curies":[{"name":"wp","href":"https:\/\/api.w.org\/{rel}","templated":true}]}}