
{"id":17170,"date":"2012-06-21T09:39:14","date_gmt":"2012-06-21T12:39:14","guid":{"rendered":"http:\/\/www.sudoestehoje.com.br\/novoportal\/?p=17170"},"modified":"2012-06-21T10:14:35","modified_gmt":"2012-06-21T13:14:35","slug":"marco-brito-pre-candidato-a-prefeito-de-itororo","status":"publish","type":"post","link":"https:\/\/www.sudoestehoje.com.br\/novoportal\/2012\/06\/21\/marco-brito-pre-candidato-a-prefeito-de-itororo\/","title":{"rendered":"MARCO BRITO PR\u00c9-CANDIDATO A PREFEITO DE ITOROR\u00d3"},"content":{"rendered":"<div id=\"attachment_17171\" style=\"width: 510px\" class=\"wp-caption aligncenter\"><a href=\"http:\/\/www.sudoestehoje.com.br\/novoportal\/wp-content\/uploads\/2012\/06\/0031.jpg\"><img loading=\"lazy\" decoding=\"async\" aria-describedby=\"caption-attachment-17171\" class=\"size-medium wp-image-17171\" title=\"003\" src=\"http:\/\/www.sudoestehoje.com.br\/novoportal\/wp-content\/uploads\/2012\/06\/0031-500x375.jpg\" alt=\"\" width=\"500\" height=\"375\" srcset=\"https:\/\/www.sudoestehoje.com.br\/novoportal\/wp-content\/uploads\/2012\/06\/0031-500x375.jpg 500w, https:\/\/www.sudoestehoje.com.br\/novoportal\/wp-content\/uploads\/2012\/06\/0031.jpg 960w\" sizes=\"auto, (max-width: 500px) 100vw, 500px\" \/><\/a><p id=\"caption-attachment-17171\" class=\"wp-caption-text\">Marco Brito reuniu-se com os pr\u00e9-candidatos a vereador do PMDB e PP, para discutir a realiza\u00e7\u00e3o das conven\u00e7\u00f5es que ser\u00e3o realizadas no dia 30 de junho, em Itoror\u00f3.<\/p><\/div>\n<p>&nbsp;<\/p>\n<p>ITOROR\u00d3: O pr\u00e9-candidato a prefeito de Itoror\u00f3 pelo PMDB, Marco Brito, reuniu-se nesta quarta-feira (20) com os pr\u00e9-candidatos a vereador do seu partido, do PP e parte da coordena\u00e7\u00e3o de campanha, para discutir e organizar a Conven\u00e7\u00e3o Partid\u00e1ria que ser\u00e1 realizada no pr\u00f3ximo dia 30 de junho.<\/p>\n<p>Desde que confirmou a sua pr\u00e9-candidatura a prefeito, Marco Brito vem crescendo na prefer\u00eancia do eleitorado de Itoror\u00f3, que anseia por mudan\u00e7as no munic\u00edpio. O retorno de Marco ao comando do executivo municipal j\u00e1 \u00e9 tido como certo, segundo analistas pol\u00edticos de Itoror\u00f3 e regi\u00e3o.<\/p>\n<p><strong><em>Ascom PMDB<\/em><\/strong><\/p>\n","protected":false},"excerpt":{"rendered":"<p>&nbsp; ITOROR\u00d3: O pr\u00e9-candidato a prefeito de Itoror\u00f3 pelo PMDB, Marco Brito, reuniu-se nesta quarta-feira (20) com os pr\u00e9-candidatos a vereador do seu partido, do PP e parte da coordena\u00e7\u00e3o de campanha, para discutir e organizar a Conven\u00e7\u00e3o Partid\u00e1ria que ser\u00e1 realizada no pr\u00f3ximo dia 30 de junho. Desde que confirmou a sua pr\u00e9-candidatura a [&hellip;]<\/p>\n","protected":false},"author":2,"featured_media":0,"comment_status":"open","ping_status":"open","sticky":false,"template":"","format":"standard","meta":{"footnotes":"","_links_to":"","_links_to_target":""},"categories":[1],"tags":[],"class_list":["post-17170","post","type-post","status-publish","format-standard","hentry","category-geral"],"views":1386,"_links":{"self":[{"href":"https:\/\/www.sudoestehoje.com.br\/novoportal\/wp-json\/wp\/v2\/posts\/17170","targetHints":{"allow":["GET"]}}],"collection":[{"href":"https:\/\/www.sudoestehoje.com.br\/novoportal\/wp-json\/wp\/v2\/posts"}],"about":[{"href":"https:\/\/www.sudoestehoje.com.br\/novoportal\/wp-json\/wp\/v2\/types\/post"}],"author":[{"embeddable":true,"href":"https:\/\/www.sudoestehoje.com.br\/novoportal\/wp-json\/wp\/v2\/users\/2"}],"replies":[{"embeddable":true,"href":"https:\/\/www.sudoestehoje.com.br\/novoportal\/wp-json\/wp\/v2\/comments?post=17170"}],"version-history":[{"count":3,"href":"https:\/\/www.sudoestehoje.com.br\/novoportal\/wp-json\/wp\/v2\/posts\/17170\/revisions"}],"predecessor-version":[{"id":17195,"href":"https:\/\/www.sudoestehoje.com.br\/novoportal\/wp-json\/wp\/v2\/posts\/17170\/revisions\/17195"}],"wp:attachment":[{"href":"https:\/\/www.sudoestehoje.com.br\/novoportal\/wp-json\/wp\/v2\/media?parent=17170"}],"wp:term":[{"taxonomy":"category","embeddable":true,"href":"https:\/\/www.sudoestehoje.com.br\/novoportal\/wp-json\/wp\/v2\/categories?post=17170"},{"taxonomy":"post_tag","embeddable":true,"href":"https:\/\/www.sudoestehoje.com.br\/novoportal\/wp-json\/wp\/v2\/tags?post=17170"}],"curies":[{"name":"wp","href":"https:\/\/api.w.org\/{rel}","templated":true}]}}