
{"id":17154,"date":"2012-06-20T15:15:13","date_gmt":"2012-06-20T18:15:13","guid":{"rendered":"http:\/\/www.sudoestehoje.com.br\/novoportal\/?p=17154"},"modified":"2012-06-20T19:37:13","modified_gmt":"2012-06-20T22:37:13","slug":"perderam-a-vergonha-na-cara","status":"publish","type":"post","link":"https:\/\/www.sudoestehoje.com.br\/novoportal\/2012\/06\/20\/perderam-a-vergonha-na-cara\/","title":{"rendered":"PERDERAM A VERGONHA NA CARA"},"content":{"rendered":"<p><img decoding=\"async\" class=\"aligncenter\" src=\"http:\/\/www.correio24horas.com.br\/fileadmin\/user_upload\/tt_news\/Caroline_Neves\/malufhaddad.jpg\" alt=\"\" width=\"400\" \/><\/p>\n<p>Al\u00e9m de impor o candidato da sua prefer\u00eancia em S\u00e3o Paulo, Lula tamb\u00e9m quer impor as alian\u00e7as. Levou Paulo Maluf (PP), o maior ficha suja do pa\u00eds, para apoiar o candidato petista Fernando Haddad, mas acabou perdendo a coerente Luiza Erundina (PSB), que desistiu de se candidatar a vice-prefeita, na coliga\u00e7\u00e3o com o PT. Assim, o PT contradiz a sua hist\u00f3ria de luta e Lula rasga de vez a sua biografia.<\/p>\n<p><strong><em>Por Davi Ferraz<\/em><\/strong><\/p>\n<p>&nbsp;<\/p>\n<p>&nbsp;<\/p>\n","protected":false},"excerpt":{"rendered":"<p>Al\u00e9m de impor o candidato da sua prefer\u00eancia em S\u00e3o Paulo, Lula tamb\u00e9m quer impor as alian\u00e7as. Levou Paulo Maluf (PP), o maior ficha suja do pa\u00eds, para apoiar o candidato petista Fernando Haddad, mas acabou perdendo a coerente Luiza Erundina (PSB), que desistiu de se candidatar a vice-prefeita, na coliga\u00e7\u00e3o com o PT. Assim, [&hellip;]<\/p>\n","protected":false},"author":2,"featured_media":0,"comment_status":"open","ping_status":"open","sticky":false,"template":"","format":"standard","meta":{"footnotes":"","_links_to":"","_links_to_target":""},"categories":[1],"tags":[],"class_list":["post-17154","post","type-post","status-publish","format-standard","hentry","category-geral"],"views":1154,"_links":{"self":[{"href":"https:\/\/www.sudoestehoje.com.br\/novoportal\/wp-json\/wp\/v2\/posts\/17154","targetHints":{"allow":["GET"]}}],"collection":[{"href":"https:\/\/www.sudoestehoje.com.br\/novoportal\/wp-json\/wp\/v2\/posts"}],"about":[{"href":"https:\/\/www.sudoestehoje.com.br\/novoportal\/wp-json\/wp\/v2\/types\/post"}],"author":[{"embeddable":true,"href":"https:\/\/www.sudoestehoje.com.br\/novoportal\/wp-json\/wp\/v2\/users\/2"}],"replies":[{"embeddable":true,"href":"https:\/\/www.sudoestehoje.com.br\/novoportal\/wp-json\/wp\/v2\/comments?post=17154"}],"version-history":[{"count":3,"href":"https:\/\/www.sudoestehoje.com.br\/novoportal\/wp-json\/wp\/v2\/posts\/17154\/revisions"}],"predecessor-version":[{"id":17156,"href":"https:\/\/www.sudoestehoje.com.br\/novoportal\/wp-json\/wp\/v2\/posts\/17154\/revisions\/17156"}],"wp:attachment":[{"href":"https:\/\/www.sudoestehoje.com.br\/novoportal\/wp-json\/wp\/v2\/media?parent=17154"}],"wp:term":[{"taxonomy":"category","embeddable":true,"href":"https:\/\/www.sudoestehoje.com.br\/novoportal\/wp-json\/wp\/v2\/categories?post=17154"},{"taxonomy":"post_tag","embeddable":true,"href":"https:\/\/www.sudoestehoje.com.br\/novoportal\/wp-json\/wp\/v2\/tags?post=17154"}],"curies":[{"name":"wp","href":"https:\/\/api.w.org\/{rel}","templated":true}]}}