
{"id":17131,"date":"2012-06-19T21:35:13","date_gmt":"2012-06-20T00:35:13","guid":{"rendered":"http:\/\/www.sudoestehoje.com.br\/novoportal\/?p=17131"},"modified":"2012-06-19T21:41:08","modified_gmt":"2012-06-20T00:41:08","slug":"samu-192-a-140-km-por-hora","status":"publish","type":"post","link":"https:\/\/www.sudoestehoje.com.br\/novoportal\/2012\/06\/19\/samu-192-a-140-km-por-hora\/","title":{"rendered":"SAMU 192 A 140 Km POR HORA"},"content":{"rendered":"<p><img decoding=\"async\" class=\"aligncenter\" src=\"http:\/\/farm7.static.flickr.com\/6108\/6261983474_4065a08ddf.jpg\" alt=\"\" width=\"400\" \/><\/p>\n<p>&nbsp;<\/p>\n<p>ITAPETINGA: Recebemos, atrav\u00e9s de coment\u00e1rio no site, esta den\u00fancia de um leitor sobre uma ambul\u00e2ncia do Samu 192 de Itapetinga que, segundo ele, trafegava em alta velocidade, retornando de Vit\u00f3ria da Conquista, nesta segunda-feira. Confira o coment\u00e1rio, na \u00edntegra:<\/p>\n<p><em>&#8220;Davi: n\u00e3o sei aonde postar esse coment\u00e1rio (ou seria uma den\u00fancia). Ontem estava voltando de Vit\u00f3ria da Conquista quando passou por mim a ambul\u00e2ncia do SAMU 192 daqui de Itapetinga. Eu estava com uma velocidade de aproximadamente 100km e eles passaram por mim voando. Para ver a velocidade deles, cheguei at\u00e9 os 140km e eles ainda estavam na frente. Ap\u00f3s isso imprimi uma velocidade maior e quando passei por eles v\u00ed que era a ambulancia que tem o m\u00e9dico, um senhor de cabelos grisalhos, n\u00e3o sei qual \u00e9 o seu nome, mas sei que n\u00e3o \u00e9 de Itapetinga. Gostaria de que medidas pertinentes fosse feitas para se evitar esse tipo de irresponsabilidade por parte dos condutores das ambulancias, pois, por maior que fosse a emergencia, n\u00e3o justifica uma velocidade dessas. Outra coisa que tamb\u00e9m me chamou a aten\u00e7\u00e3o foi o fate deles estarem voltando de Vit\u00f3ria da Conquista, ou seja, n\u00e3o estavam com paciente, mais um motivo para n\u00e3o estarem correndo tanto. \u00c9 fato not\u00f3rio em nossa cidade a irresponsabilidade de alguns motoristas do samu que andam por nossa cidade como loucos. Pensem em suas fam\u00edlias, pois n\u00e3o tem motivo para tanta velocidade!&#8221;<\/em><\/p>\n<p>A coordena\u00e7\u00e3o do Samu 192 precisa apurar esta den\u00fancia ou esclarecer o ocorrido.<\/p>\n<p><strong><em>Da Reda\u00e7\u00e3o\u00a0<\/em><\/strong><\/p>\n","protected":false},"excerpt":{"rendered":"<p>&nbsp; ITAPETINGA: Recebemos, atrav\u00e9s de coment\u00e1rio no site, esta den\u00fancia de um leitor sobre uma ambul\u00e2ncia do Samu 192 de Itapetinga que, segundo ele, trafegava em alta velocidade, retornando de Vit\u00f3ria da Conquista, nesta segunda-feira. Confira o coment\u00e1rio, na \u00edntegra: &#8220;Davi: n\u00e3o sei aonde postar esse coment\u00e1rio (ou seria uma den\u00fancia). Ontem estava voltando de [&hellip;]<\/p>\n","protected":false},"author":2,"featured_media":0,"comment_status":"open","ping_status":"open","sticky":false,"template":"","format":"standard","meta":{"footnotes":"","_links_to":"","_links_to_target":""},"categories":[1],"tags":[],"class_list":["post-17131","post","type-post","status-publish","format-standard","hentry","category-geral"],"views":1384,"_links":{"self":[{"href":"https:\/\/www.sudoestehoje.com.br\/novoportal\/wp-json\/wp\/v2\/posts\/17131","targetHints":{"allow":["GET"]}}],"collection":[{"href":"https:\/\/www.sudoestehoje.com.br\/novoportal\/wp-json\/wp\/v2\/posts"}],"about":[{"href":"https:\/\/www.sudoestehoje.com.br\/novoportal\/wp-json\/wp\/v2\/types\/post"}],"author":[{"embeddable":true,"href":"https:\/\/www.sudoestehoje.com.br\/novoportal\/wp-json\/wp\/v2\/users\/2"}],"replies":[{"embeddable":true,"href":"https:\/\/www.sudoestehoje.com.br\/novoportal\/wp-json\/wp\/v2\/comments?post=17131"}],"version-history":[{"count":7,"href":"https:\/\/www.sudoestehoje.com.br\/novoportal\/wp-json\/wp\/v2\/posts\/17131\/revisions"}],"predecessor-version":[{"id":17136,"href":"https:\/\/www.sudoestehoje.com.br\/novoportal\/wp-json\/wp\/v2\/posts\/17131\/revisions\/17136"}],"wp:attachment":[{"href":"https:\/\/www.sudoestehoje.com.br\/novoportal\/wp-json\/wp\/v2\/media?parent=17131"}],"wp:term":[{"taxonomy":"category","embeddable":true,"href":"https:\/\/www.sudoestehoje.com.br\/novoportal\/wp-json\/wp\/v2\/categories?post=17131"},{"taxonomy":"post_tag","embeddable":true,"href":"https:\/\/www.sudoestehoje.com.br\/novoportal\/wp-json\/wp\/v2\/tags?post=17131"}],"curies":[{"name":"wp","href":"https:\/\/api.w.org\/{rel}","templated":true}]}}