
{"id":17068,"date":"2012-06-18T00:01:19","date_gmt":"2012-06-18T03:01:19","guid":{"rendered":"http:\/\/www.sudoestehoje.com.br\/novoportal\/?p=17068"},"modified":"2012-06-17T23:05:28","modified_gmt":"2012-06-18T02:05:28","slug":"aff-maria-pior-e-nada","status":"publish","type":"post","link":"https:\/\/www.sudoestehoje.com.br\/novoportal\/2012\/06\/18\/aff-maria-pior-e-nada\/","title":{"rendered":"AFF MARIA, PIOR \u00c9 NADA&#8230;"},"content":{"rendered":"<p><img decoding=\"async\" class=\"aligncenter\" src=\"http:\/\/a8.sphotos.ak.fbcdn.net\/hphotos-ak-ash3\/576621_317979114953779_418702905_n.jpg\" alt=\"\" width=\"400\" \/><\/p>\n<p style=\"text-align: center;\"><em>Estrutura da festa de S\u00e3o Jo\u00e3o de Itapetinga est\u00e1 sendo montada<\/em><\/p>\n<p>&nbsp;<\/p>\n<p>ITAPETINGA: A discuss\u00e3o sobre as atra\u00e7\u00f5es do S\u00e3o Jo\u00e3o de Itapetinga tem sido intensa, dominando o notici\u00e1rio, nos \u00faltimos dias. Confiando na promessa do prefeito Z\u00e9 Carlos, que garantiu na festa do ano passado que a famosa &#8216;Avi\u00f5es do Forr\u00f3&#8217; j\u00e1 estaria contratada para a festa deste ano, a popula\u00e7\u00e3o ficou decepcionada ao saber que a vinda da banda havia &#8216;gorado&#8217; e que o S\u00e3o Jo\u00e3o deste ano seria um pouco mais modesto que de costume.<\/p>\n<p>A quest\u00e3o \u00e9 apenas de ponto de vista, pois na verdade todas as bandas desse novo g\u00eanero de forr\u00f3, a maioria oriundas do Cear\u00e1, se equiparam. A diferen\u00e7a entre Avi\u00f5es, Mastruz, Calcinha, Solteir\u00f5es, Garota Safada, etc, \u00e9 zero. Todas se baseiam em um mesmo estilo musical e s\u00f3 diferem no sucesso que estejam fazendo no momento. Mas vai ter tamb\u00e9m forr\u00f3 de verdade, com Targino, Bel Marques, Ju\u00e1 da Bahia, Don Fontinelli e os Itapetinguenses Cacau e Caetano, al\u00e9m das menos famosas \u00a0Aff Maria e Pior \u00e9 Nada, que tamb\u00e9m t\u00eam valor.<\/p>\n<p>Portanto, n\u00e3o \u00e9 hora de desanimar e dizer que a festa junina de Itapetinga n\u00e3o vai ser boa. Vai sim, pois a tradi\u00e7\u00e3o do S\u00e3o Jo\u00e3o \u00e9 muito forte em nossa regi\u00e3o e ainda teremos o famoso forr\u00f3 da VACA L\u00d4CA, com sua super-estrutura e uma grade de atra\u00e7\u00f5es de primeira linha. Chichete, Mastruz com Leite, Cavalheiros do Forr\u00f3 e Trio da Huanna garantem uma festa de primeira em qualquer S\u00e3o Jo\u00e3o do Brasil.<\/p>\n<p>Esque\u00e7am as mancadas do prefeito e venham para o tradicional S\u00e3o Jo\u00e3o de Itapetinga, porque a festa vai ser de arrombar&#8230; E viva S\u00e3o Jo\u00e3o.<\/p>\n<p><strong><em>Por Davi Ferraz<\/em><\/strong><\/p>\n","protected":false},"excerpt":{"rendered":"<p>Estrutura da festa de S\u00e3o Jo\u00e3o de Itapetinga est\u00e1 sendo montada &nbsp; ITAPETINGA: A discuss\u00e3o sobre as atra\u00e7\u00f5es do S\u00e3o Jo\u00e3o de Itapetinga tem sido intensa, dominando o notici\u00e1rio, nos \u00faltimos dias. Confiando na promessa do prefeito Z\u00e9 Carlos, que garantiu na festa do ano passado que a famosa &#8216;Avi\u00f5es do Forr\u00f3&#8217; j\u00e1 estaria contratada [&hellip;]<\/p>\n","protected":false},"author":2,"featured_media":0,"comment_status":"open","ping_status":"open","sticky":false,"template":"","format":"standard","meta":{"footnotes":"","_links_to":"","_links_to_target":""},"categories":[1],"tags":[],"class_list":["post-17068","post","type-post","status-publish","format-standard","hentry","category-geral"],"views":1340,"_links":{"self":[{"href":"https:\/\/www.sudoestehoje.com.br\/novoportal\/wp-json\/wp\/v2\/posts\/17068","targetHints":{"allow":["GET"]}}],"collection":[{"href":"https:\/\/www.sudoestehoje.com.br\/novoportal\/wp-json\/wp\/v2\/posts"}],"about":[{"href":"https:\/\/www.sudoestehoje.com.br\/novoportal\/wp-json\/wp\/v2\/types\/post"}],"author":[{"embeddable":true,"href":"https:\/\/www.sudoestehoje.com.br\/novoportal\/wp-json\/wp\/v2\/users\/2"}],"replies":[{"embeddable":true,"href":"https:\/\/www.sudoestehoje.com.br\/novoportal\/wp-json\/wp\/v2\/comments?post=17068"}],"version-history":[{"count":11,"href":"https:\/\/www.sudoestehoje.com.br\/novoportal\/wp-json\/wp\/v2\/posts\/17068\/revisions"}],"predecessor-version":[{"id":17073,"href":"https:\/\/www.sudoestehoje.com.br\/novoportal\/wp-json\/wp\/v2\/posts\/17068\/revisions\/17073"}],"wp:attachment":[{"href":"https:\/\/www.sudoestehoje.com.br\/novoportal\/wp-json\/wp\/v2\/media?parent=17068"}],"wp:term":[{"taxonomy":"category","embeddable":true,"href":"https:\/\/www.sudoestehoje.com.br\/novoportal\/wp-json\/wp\/v2\/categories?post=17068"},{"taxonomy":"post_tag","embeddable":true,"href":"https:\/\/www.sudoestehoje.com.br\/novoportal\/wp-json\/wp\/v2\/tags?post=17068"}],"curies":[{"name":"wp","href":"https:\/\/api.w.org\/{rel}","templated":true}]}}