
{"id":17065,"date":"2012-06-17T20:48:07","date_gmt":"2012-06-17T23:48:07","guid":{"rendered":"http:\/\/www.sudoestehoje.com.br\/novoportal\/?p=17065"},"modified":"2012-06-17T20:48:07","modified_gmt":"2012-06-17T23:48:07","slug":"pcdob-lanca-candidatura-de-alice-portugal-a-prefeitura-de-salvador","status":"publish","type":"post","link":"https:\/\/www.sudoestehoje.com.br\/novoportal\/2012\/06\/17\/pcdob-lanca-candidatura-de-alice-portugal-a-prefeitura-de-salvador\/","title":{"rendered":"PCdoB LAN\u00c7A CANDIDATURA DE ALICE PORTUGAL \u00c0 PREFEITURA DE SALVADOR"},"content":{"rendered":"<p><img decoding=\"async\" class=\"aligncenter\" src=\"http:\/\/www.blogdaresenhageral.com.br\/v1\/wp-content\/uploads\/262907.jpg\" alt=\"\" width=\"400\" \/><\/p>\n<p>&nbsp;<\/p>\n<p>SALVADOR: O PCdoB foi o primeiro partido a confirmar um nome para disputar a prefeitura de Salvador nas elei\u00e7\u00f5es de 2012, que acontece no dia 7 de outubro. Neste domingo, 17, a deputada federal\u00a0Alice Portugal entrou na disputa pela cadeira do Pal\u00e1cio Thom\u00e9 de Souza.<\/p>\n<p>Na coletiva de imprensa, realizada nesta manh\u00e3 no audit\u00f3rio M\u00e3e Menininha do Gantois, no Centro de Conven\u00e7\u00f5es da Bahia, al\u00e9m da candidatura de Alice, o partido tamb\u00e9m anunciou 65 candidatos \u00e0 C\u00e2mara de Vereadores.<\/p>\n<p>Estiveram presentes no evento o presidente nacional do PCdoB, Renato Rabelo, al\u00e9m de lideran\u00e7as municipais e estaduais da legenda. O deputado estadual Deraldo Damasceno (PSL), os deputados federais Maur\u00edcio Trindade (PR) e Ant\u00f4nio Brito (PTB) e a senadora L\u00eddice da Mata (PSB), tamb\u00e9m marcaram presen\u00e7a.<\/p>\n<p>Durante o evento tamb\u00e9m foi apresentado o layout provis\u00f3rio da campanha eleitoral da candidata.<\/p>\n<p><em><strong>A Tarde<\/strong><\/em><\/p>\n","protected":false},"excerpt":{"rendered":"<p>&nbsp; SALVADOR: O PCdoB foi o primeiro partido a confirmar um nome para disputar a prefeitura de Salvador nas elei\u00e7\u00f5es de 2012, que acontece no dia 7 de outubro. Neste domingo, 17, a deputada federal\u00a0Alice Portugal entrou na disputa pela cadeira do Pal\u00e1cio Thom\u00e9 de Souza. Na coletiva de imprensa, realizada nesta manh\u00e3 no audit\u00f3rio [&hellip;]<\/p>\n","protected":false},"author":2,"featured_media":0,"comment_status":"open","ping_status":"open","sticky":false,"template":"","format":"standard","meta":{"footnotes":"","_links_to":"","_links_to_target":""},"categories":[1],"tags":[],"class_list":["post-17065","post","type-post","status-publish","format-standard","hentry","category-geral"],"views":1161,"_links":{"self":[{"href":"https:\/\/www.sudoestehoje.com.br\/novoportal\/wp-json\/wp\/v2\/posts\/17065","targetHints":{"allow":["GET"]}}],"collection":[{"href":"https:\/\/www.sudoestehoje.com.br\/novoportal\/wp-json\/wp\/v2\/posts"}],"about":[{"href":"https:\/\/www.sudoestehoje.com.br\/novoportal\/wp-json\/wp\/v2\/types\/post"}],"author":[{"embeddable":true,"href":"https:\/\/www.sudoestehoje.com.br\/novoportal\/wp-json\/wp\/v2\/users\/2"}],"replies":[{"embeddable":true,"href":"https:\/\/www.sudoestehoje.com.br\/novoportal\/wp-json\/wp\/v2\/comments?post=17065"}],"version-history":[{"count":2,"href":"https:\/\/www.sudoestehoje.com.br\/novoportal\/wp-json\/wp\/v2\/posts\/17065\/revisions"}],"predecessor-version":[{"id":17067,"href":"https:\/\/www.sudoestehoje.com.br\/novoportal\/wp-json\/wp\/v2\/posts\/17065\/revisions\/17067"}],"wp:attachment":[{"href":"https:\/\/www.sudoestehoje.com.br\/novoportal\/wp-json\/wp\/v2\/media?parent=17065"}],"wp:term":[{"taxonomy":"category","embeddable":true,"href":"https:\/\/www.sudoestehoje.com.br\/novoportal\/wp-json\/wp\/v2\/categories?post=17065"},{"taxonomy":"post_tag","embeddable":true,"href":"https:\/\/www.sudoestehoje.com.br\/novoportal\/wp-json\/wp\/v2\/tags?post=17065"}],"curies":[{"name":"wp","href":"https:\/\/api.w.org\/{rel}","templated":true}]}}