
{"id":17045,"date":"2012-06-18T00:01:55","date_gmt":"2012-06-18T03:01:55","guid":{"rendered":"http:\/\/www.sudoestehoje.com.br\/novoportal\/?p=17045"},"modified":"2012-06-17T19:07:58","modified_gmt":"2012-06-17T22:07:58","slug":"quem-quer-ser-secretario-da-fazenda","status":"publish","type":"post","link":"https:\/\/www.sudoestehoje.com.br\/novoportal\/2012\/06\/18\/quem-quer-ser-secretario-da-fazenda\/","title":{"rendered":"QUEM QUER SER SECRET\u00c1RIO DA FAZENDA EM ITAPETINGA?"},"content":{"rendered":"<p><img decoding=\"async\" class=\"aligncenter\" src=\"http:\/\/falaitapetinga.hospedagemdesites.ws\/wp-content\/uploads\/2012\/02\/Sem-t%C3%ADtulo-11-1024x793.jpg\" alt=\"\" width=\"400\" \/><\/p>\n<p style=\"text-align: center;\"><em>Zen\u00f3bio pode ser afastado para &#8216;limpar a barra&#8217; de Z\u00e9 Carlos com os eleitores<\/em><\/p>\n<p>&nbsp;<\/p>\n<p>ITAPETINGA: O cargo de Secret\u00e1rio da Fazenda \u00e9, sem sombra de d\u00favida, o mais importante e mais cobi\u00e7ado de qualquer administra\u00e7\u00e3o municipal. Se o secret\u00e1rio de fazenda for competente no desempenho de suas fun\u00e7\u00f5es, a administra\u00e7\u00e3o do munic\u00edpio tem tudo para dar certo, mas se n\u00e3o o for, o desastre administrativo \u00e9 certo.\u00a0Nos parece, que no caso da atual administra\u00e7\u00e3o municipal em Itapetinga, a segunda hip\u00f3tese \u00e9 a que mais se enquadra, diante do caos administrativo que ora se apresenta.<\/p>\n<p>Sob press\u00e3o de todos os lados e com rejei\u00e7\u00e3o estratosf\u00e9rica nas pesquisas de opini\u00e3o p\u00fablica, parece que o prefeito Z\u00e9 Carlos enfim se convenceu de que n\u00e3o se reelege para mais nada se n\u00e3o &#8216;rifar&#8217; o seu todo poderoso irm\u00e3o Zen\u00f3bio, que para ele era a chamada &#8216;m\u00e3o na roda&#8217;, mas que acabou se transformando no maior obst\u00e1culo \u00e0 sua reelei\u00e7\u00e3o, e que precisa, urgentemente, ser removido.<\/p>\n<p>Para n\u00e3o aprofundar ainda mais o caos pol\u00edtico dentro do seu grupo e n\u00e3o jogar o &#8216;mano&#8217; aos lobos, ensaia-se uma sa\u00edda honrosa para Zen\u00f3bio e um <em>chega-pra- l\u00e1<\/em> de araque em Israel &amp; Cia., com o poderoso irm\u00e3o se afastando do cargo para um suposto <em>tratamento de sa\u00fade<\/em>, com estadia prolongada em Belo Horizonte, at\u00e9 que passem as elei\u00e7\u00f5es. Se Z\u00e9 Carlos se reeleger, Zen\u00f3bio volta por cima, mas se perder, um abra\u00e7o e seja o que Deus quiser.<\/p>\n<p>O maior problema dessa articula\u00e7\u00e3o que j\u00e1 est\u00e1 em andamento nos bastidores do poder, \u00e9 saber quem colocar no lugar de Zen\u00f3bio. Para isto, j\u00e1 teriam sido sondados alguns funcion\u00e1rios &#8216;da casa&#8217;, como o tesoureiro Jolimar e o contador Alex, que se recusaram em assumir o &#8216;pepino&#8217;, por motivos \u00f3bvios. H\u00e1 quem queira o cargo, n\u00e3o resta d\u00favida, mas a ordem \u00e9 n\u00e3o colocar ningu\u00e9m que comprometa ou que queira dar uma de &#8216;salvador da p\u00e1tria&#8217;, nesta hora de desespero. Por isto, um \u00a0petista &#8216;hist\u00f3rico&#8217; nem pensar, para n\u00e3o &#8216;melar&#8217; o esquema.<\/p>\n<p>Assim, a chamada &#8216;joia da cor\u00f4a&#8217; deve continuar ac\u00e9fala e sem rumo, com ou sem o irm\u00e3o mais velho do prefeito no comando.\u00a0Quem se candidataria ao cargo?<\/p>\n<p><strong><em>Por Davi Ferraz\u00a0<\/em><\/strong><\/p>\n","protected":false},"excerpt":{"rendered":"<p>Zen\u00f3bio pode ser afastado para &#8216;limpar a barra&#8217; de Z\u00e9 Carlos com os eleitores &nbsp; ITAPETINGA: O cargo de Secret\u00e1rio da Fazenda \u00e9, sem sombra de d\u00favida, o mais importante e mais cobi\u00e7ado de qualquer administra\u00e7\u00e3o municipal. Se o secret\u00e1rio de fazenda for competente no desempenho de suas fun\u00e7\u00f5es, a administra\u00e7\u00e3o do munic\u00edpio tem tudo [&hellip;]<\/p>\n","protected":false},"author":2,"featured_media":0,"comment_status":"open","ping_status":"open","sticky":false,"template":"","format":"standard","meta":{"footnotes":"","_links_to":"","_links_to_target":""},"categories":[1],"tags":[],"class_list":["post-17045","post","type-post","status-publish","format-standard","hentry","category-geral"],"views":1291,"_links":{"self":[{"href":"https:\/\/www.sudoestehoje.com.br\/novoportal\/wp-json\/wp\/v2\/posts\/17045","targetHints":{"allow":["GET"]}}],"collection":[{"href":"https:\/\/www.sudoestehoje.com.br\/novoportal\/wp-json\/wp\/v2\/posts"}],"about":[{"href":"https:\/\/www.sudoestehoje.com.br\/novoportal\/wp-json\/wp\/v2\/types\/post"}],"author":[{"embeddable":true,"href":"https:\/\/www.sudoestehoje.com.br\/novoportal\/wp-json\/wp\/v2\/users\/2"}],"replies":[{"embeddable":true,"href":"https:\/\/www.sudoestehoje.com.br\/novoportal\/wp-json\/wp\/v2\/comments?post=17045"}],"version-history":[{"count":4,"href":"https:\/\/www.sudoestehoje.com.br\/novoportal\/wp-json\/wp\/v2\/posts\/17045\/revisions"}],"predecessor-version":[{"id":17049,"href":"https:\/\/www.sudoestehoje.com.br\/novoportal\/wp-json\/wp\/v2\/posts\/17045\/revisions\/17049"}],"wp:attachment":[{"href":"https:\/\/www.sudoestehoje.com.br\/novoportal\/wp-json\/wp\/v2\/media?parent=17045"}],"wp:term":[{"taxonomy":"category","embeddable":true,"href":"https:\/\/www.sudoestehoje.com.br\/novoportal\/wp-json\/wp\/v2\/categories?post=17045"},{"taxonomy":"post_tag","embeddable":true,"href":"https:\/\/www.sudoestehoje.com.br\/novoportal\/wp-json\/wp\/v2\/tags?post=17045"}],"curies":[{"name":"wp","href":"https:\/\/api.w.org\/{rel}","templated":true}]}}