
{"id":17027,"date":"2012-06-16T22:20:43","date_gmt":"2012-06-17T01:20:43","guid":{"rendered":"http:\/\/www.sudoestehoje.com.br\/novoportal\/?p=17027"},"modified":"2012-06-16T22:22:39","modified_gmt":"2012-06-17T01:22:39","slug":"itapetinga-psb-decide-apoiar-candidatura-de-katia-espinheira","status":"publish","type":"post","link":"https:\/\/www.sudoestehoje.com.br\/novoportal\/2012\/06\/16\/itapetinga-psb-decide-apoiar-candidatura-de-katia-espinheira\/","title":{"rendered":"ITAPETINGA: PSB DECIDE APOIAR CANDIDATURA DE K\u00c1TIA ESPINHEIRA"},"content":{"rendered":"<p><img decoding=\"async\" class=\"aligncenter\" src=\"http:\/\/2.bp.blogspot.com\/-GoRK-GKzSaI\/T9ysspy7pxI\/AAAAAAAAAfs\/tjHjlNuBSy8\/s640\/psb.jpg\" alt=\"\" width=\"400\" \/><\/p>\n<p>&nbsp;<\/p>\n<p>Em reuni\u00e3o na noite desta sexta-feira (15) na C\u00e2mara de Vereadores a executiva, o vereador Ded\u00e9 Morais e os pr\u00e9-candidatos do PSB de Itapetinga, decidiram n\u00e3o prosseguir com a pr\u00e9-candidatura de Jorge Ferreira a prefeito e discutir uma coliga\u00e7\u00e3o com o PMDB de K\u00e1tia Espinheira.<\/p>\n<p>Segundo avalia\u00e7\u00e3o de Jorge, depois da desagrega\u00e7\u00e3o da oposi\u00e7\u00e3o ficou mais dif\u00edcil construir um terceiro campo. O PSB pretende coligar para prefeito e vereador com o PMDB e apresenta o nome de Jorge Ferreira, agora como pr\u00e9-candidato a vice-prefeito.<\/p>\n<p>Dos quartoze membros presentes, dez aprovaram a resolu\u00e7\u00e3o de coliga\u00e7\u00e3o com o PMDB e quatro foram contra. Dentro de alguns dias os pesebistas tornar\u00e3o p\u00fablico os crit\u00e9rios para a coliga\u00e7\u00e3o.<\/p>\n<p>Jorge Ferreira informou ao PC do B a decis\u00e3o tomada pelo PSB. Os Comunistas re\u00fanem no domingo para tomar decis\u00e3o do rumo a seguir na elei\u00e7\u00e3o de 07 de Outubro.<\/p>\n<p>CONFIRA A RESOLU\u00c7\u00c3O DO PSB<!--more--><\/p>\n<p><strong>EXECUTIVA MUNICIPAL &#8211; Resolu\u00e7\u00e3o n\u00ba. 001\/2012<\/strong><\/p>\n<div>CONSIDERANDO a impossibilidade da uni\u00e3o das oposi\u00e7\u00f5es provocadas pelos grupos majorit\u00e1rios, rompendo-se DEM\/PR e PMDB que n\u00e3o conseguiram se unir.<\/div>\n<div>CONSIDERANDO o anuncio do acordo feito na majorit\u00e1ria e proporcional pelo PR e DEM.<\/div>\n<div>CONSIDERANDO a impossibilidade da constru\u00e7\u00e3o da terceira for\u00e7a proposta pelo PSB que tentou em v\u00e3o juntar PV, PTdoB, PCdoB, PSDC e descontentes do PT.<\/div>\n<div>CONSIDERANDO a declara\u00e7\u00e3o do l\u00edder estadual do PT na imprensa de que n\u00e3o aceitaria o apoio do vereador do PSB.<\/div>\n<div>CONSIDERANDO as regras determinadas pela legisla\u00e7\u00e3o eleitoral que torna dif\u00edcil a sobreviv\u00eancia de um partido sem o processo das coliga\u00e7\u00f5es proporcionais.<\/div>\n<div>CONSIDERANDO a nossa obriga\u00e7\u00e3o de manter o mandato de nosso vereador e ampliar cadeiras.<\/div>\n<div>CONSIDERANDO a decis\u00e3o favoravelmente de mais de 2\/3 (dois ter\u00e7os) da Executiva, de pr\u00e9-candidatos e filiados em encontro realizado no dia 15\/06\/2012.<\/div>\n<div>RESOLVE:<\/div>\n<div><\/div>\n<div>1\u00ba &#8211; Coligar na chapa majorit\u00e1ria (prefeito) com o PMDB e PCdoB, indicando o vice;<\/div>\n<div>2\u00ba &#8211; Indicar o socialista, Jorge Ferreira Rodrigues, para ocupar a vaga de pr\u00e9-candidato a vice-prefeito;<\/div>\n<div>3\u00ba &#8211; Coligar na proporcional (vereador) em bloco \u00fanico ou separados com o PCdoB e PMDB;<\/div>\n<div>4\u00ba &#8211; Indicar chapa com 19 pr\u00e9-candidatos a vereadores para montagem da coliga\u00e7\u00e3o proporcional (vereadores) e alter\u00e1-la se necess\u00e1rio;<\/div>\n<div>5\u00ba &#8211; autorizar a Executiva a reavaliar posi\u00e7\u00e3o at\u00e9 a conven\u00e7\u00e3o do dia 29 de junho, caso n\u00e3o haja a concretiza\u00e7\u00e3o de acordo com base na presente resolu\u00e7\u00e3o.<\/div>\n<div><\/div>\n<div>\n<div style=\"text-align: center;\">Itapetinga &#8211; Bahia, 16 de junho de 2012.<\/div>\n<div><\/div>\n<div align=\"center\">Jorge Ferreira Rodrigues<\/div>\n<div align=\"center\">Presidente \u2013 PSB<\/div>\n<\/div>\n","protected":false},"excerpt":{"rendered":"<p>&nbsp; Em reuni\u00e3o na noite desta sexta-feira (15) na C\u00e2mara de Vereadores a executiva, o vereador Ded\u00e9 Morais e os pr\u00e9-candidatos do PSB de Itapetinga, decidiram n\u00e3o prosseguir com a pr\u00e9-candidatura de Jorge Ferreira a prefeito e discutir uma coliga\u00e7\u00e3o com o PMDB de K\u00e1tia Espinheira. Segundo avalia\u00e7\u00e3o de Jorge, depois da desagrega\u00e7\u00e3o da oposi\u00e7\u00e3o [&hellip;]<\/p>\n","protected":false},"author":2,"featured_media":0,"comment_status":"open","ping_status":"open","sticky":false,"template":"","format":"standard","meta":{"footnotes":"","_links_to":"","_links_to_target":""},"categories":[1],"tags":[],"class_list":["post-17027","post","type-post","status-publish","format-standard","hentry","category-geral"],"views":1531,"_links":{"self":[{"href":"https:\/\/www.sudoestehoje.com.br\/novoportal\/wp-json\/wp\/v2\/posts\/17027","targetHints":{"allow":["GET"]}}],"collection":[{"href":"https:\/\/www.sudoestehoje.com.br\/novoportal\/wp-json\/wp\/v2\/posts"}],"about":[{"href":"https:\/\/www.sudoestehoje.com.br\/novoportal\/wp-json\/wp\/v2\/types\/post"}],"author":[{"embeddable":true,"href":"https:\/\/www.sudoestehoje.com.br\/novoportal\/wp-json\/wp\/v2\/users\/2"}],"replies":[{"embeddable":true,"href":"https:\/\/www.sudoestehoje.com.br\/novoportal\/wp-json\/wp\/v2\/comments?post=17027"}],"version-history":[{"count":4,"href":"https:\/\/www.sudoestehoje.com.br\/novoportal\/wp-json\/wp\/v2\/posts\/17027\/revisions"}],"predecessor-version":[{"id":17030,"href":"https:\/\/www.sudoestehoje.com.br\/novoportal\/wp-json\/wp\/v2\/posts\/17027\/revisions\/17030"}],"wp:attachment":[{"href":"https:\/\/www.sudoestehoje.com.br\/novoportal\/wp-json\/wp\/v2\/media?parent=17027"}],"wp:term":[{"taxonomy":"category","embeddable":true,"href":"https:\/\/www.sudoestehoje.com.br\/novoportal\/wp-json\/wp\/v2\/categories?post=17027"},{"taxonomy":"post_tag","embeddable":true,"href":"https:\/\/www.sudoestehoje.com.br\/novoportal\/wp-json\/wp\/v2\/tags?post=17027"}],"curies":[{"name":"wp","href":"https:\/\/api.w.org\/{rel}","templated":true}]}}