
{"id":16967,"date":"2012-06-14T19:33:02","date_gmt":"2012-06-14T22:33:02","guid":{"rendered":"http:\/\/www.sudoestehoje.com.br\/novoportal\/?p=16967"},"modified":"2012-06-14T19:33:02","modified_gmt":"2012-06-14T22:33:02","slug":"estudetes-fazem-parodia-sobre-greve-na-educacao","status":"publish","type":"post","link":"https:\/\/www.sudoestehoje.com.br\/novoportal\/2012\/06\/14\/estudetes-fazem-parodia-sobre-greve-na-educacao\/","title":{"rendered":"\u201cESTUDETES\u201d FAZEM PAR\u00d3DIA SOBRE GREVE NA EDUCA\u00c7\u00c3O"},"content":{"rendered":"<p>Jovens com fardas de escolas estaduais fizeram par\u00f3dia das \u201cempreguetes\u201d da novela\u00a0<em>Cheias de Charme<\/em>. O v\u00eddeo postado no Youtube j\u00e1 faz sucesso nas redes sociais. Confira:<\/p>\n<p><iframe loading=\"lazy\" title=\"As Estudetes - Vida de Estudete\" width=\"500\" height=\"375\" src=\"https:\/\/www.youtube.com\/embed\/tZGeQ52vclw?feature=oembed\" frameborder=\"0\" allow=\"accelerometer; autoplay; clipboard-write; encrypted-media; gyroscope; picture-in-picture; web-share\" referrerpolicy=\"strict-origin-when-cross-origin\" allowfullscreen><\/iframe><\/p>\n","protected":false},"excerpt":{"rendered":"<p>Jovens com fardas de escolas estaduais fizeram par\u00f3dia das \u201cempreguetes\u201d da novela\u00a0Cheias de Charme. O v\u00eddeo postado no Youtube j\u00e1 faz sucesso nas redes sociais. Confira:<\/p>\n","protected":false},"author":2,"featured_media":0,"comment_status":"open","ping_status":"open","sticky":false,"template":"","format":"standard","meta":{"footnotes":"","_links_to":"","_links_to_target":""},"categories":[1],"tags":[],"class_list":["post-16967","post","type-post","status-publish","format-standard","hentry","category-geral"],"views":1462,"_links":{"self":[{"href":"https:\/\/www.sudoestehoje.com.br\/novoportal\/wp-json\/wp\/v2\/posts\/16967","targetHints":{"allow":["GET"]}}],"collection":[{"href":"https:\/\/www.sudoestehoje.com.br\/novoportal\/wp-json\/wp\/v2\/posts"}],"about":[{"href":"https:\/\/www.sudoestehoje.com.br\/novoportal\/wp-json\/wp\/v2\/types\/post"}],"author":[{"embeddable":true,"href":"https:\/\/www.sudoestehoje.com.br\/novoportal\/wp-json\/wp\/v2\/users\/2"}],"replies":[{"embeddable":true,"href":"https:\/\/www.sudoestehoje.com.br\/novoportal\/wp-json\/wp\/v2\/comments?post=16967"}],"version-history":[{"count":4,"href":"https:\/\/www.sudoestehoje.com.br\/novoportal\/wp-json\/wp\/v2\/posts\/16967\/revisions"}],"predecessor-version":[{"id":16971,"href":"https:\/\/www.sudoestehoje.com.br\/novoportal\/wp-json\/wp\/v2\/posts\/16967\/revisions\/16971"}],"wp:attachment":[{"href":"https:\/\/www.sudoestehoje.com.br\/novoportal\/wp-json\/wp\/v2\/media?parent=16967"}],"wp:term":[{"taxonomy":"category","embeddable":true,"href":"https:\/\/www.sudoestehoje.com.br\/novoportal\/wp-json\/wp\/v2\/categories?post=16967"},{"taxonomy":"post_tag","embeddable":true,"href":"https:\/\/www.sudoestehoje.com.br\/novoportal\/wp-json\/wp\/v2\/tags?post=16967"}],"curies":[{"name":"wp","href":"https:\/\/api.w.org\/{rel}","templated":true}]}}