
{"id":16940,"date":"2012-06-13T20:30:16","date_gmt":"2012-06-13T23:30:16","guid":{"rendered":"http:\/\/www.sudoestehoje.com.br\/novoportal\/?p=16940"},"modified":"2012-06-13T20:30:16","modified_gmt":"2012-06-13T23:30:16","slug":"michel-telo-no-sao-joao-de-ibicui","status":"publish","type":"post","link":"https:\/\/www.sudoestehoje.com.br\/novoportal\/2012\/06\/13\/michel-telo-no-sao-joao-de-ibicui\/","title":{"rendered":"MICHEL TEL\u00d3 NO S\u00c3O JO\u00c3O DE IBICU\u00cd"},"content":{"rendered":"<p><img decoding=\"async\" class=\"aligncenter\" src=\"http:\/\/www.massafm.com.br\/sites\/default\/files\/imagecache\/640\/michel-telo-agnews-tl.jpg\" alt=\"\" width=\"400\" \/><\/p>\n<p style=\"text-align: center;\"><em>Michel Tel\u00f3 far\u00e1 show em pra\u00e7a p\u00fablica, no dia 23, em Ibicu\u00ed\u00a0<\/em><\/p>\n<p>&nbsp;<\/p>\n<p>Confirmado. O cantor Michel Tel\u00f3 estar\u00e1, este ano, no S\u00e3o Jo\u00e3o de Ibicu\u00ed. A not\u00edcia pegou os f\u00e3s do cantor de surpresa. A agenda no site oficial do cantor indica a data do show, que ser\u00e1 realizado na \u201ccidade junina\u201d no dia 23 de junho.<\/p>\n<p>O S\u00e3o Jo\u00e3o de Ibicu\u00ed \u00e9 uma das melhores festas juninas da Bahia, conhecida nacionalmente, e que atrai milhares de turistas todos os anos para participar dos festejos. Eventos como o Tico Mia e o Brega Light atraem multid\u00f5es e re\u00fanem uma galera bonita, disposta a pagar qualquer pre\u00e7o para ter a camisa que d\u00e1 direito a participar desses eventos.<\/p>\n<p>Agora, com a confirma\u00e7\u00e3o da presen\u00e7a do cantor Michel Tel\u00f3, que estourou no Brasil e no mundo com o hit \u201cAi se eu te pego\u201d, a festa promete atrair muito mais turistas ao S\u00e3o Jo\u00e3o de Ibicu\u00ed.<\/p>\n<p><em>Fonte: Igua\u00ed Mix<\/em><\/p>\n","protected":false},"excerpt":{"rendered":"<p>Michel Tel\u00f3 far\u00e1 show em pra\u00e7a p\u00fablica, no dia 23, em Ibicu\u00ed\u00a0 &nbsp; Confirmado. O cantor Michel Tel\u00f3 estar\u00e1, este ano, no S\u00e3o Jo\u00e3o de Ibicu\u00ed. A not\u00edcia pegou os f\u00e3s do cantor de surpresa. A agenda no site oficial do cantor indica a data do show, que ser\u00e1 realizado na \u201ccidade junina\u201d no dia [&hellip;]<\/p>\n","protected":false},"author":2,"featured_media":0,"comment_status":"open","ping_status":"open","sticky":false,"template":"","format":"standard","meta":{"footnotes":"","_links_to":"","_links_to_target":""},"categories":[1],"tags":[],"class_list":["post-16940","post","type-post","status-publish","format-standard","hentry","category-geral"],"views":1712,"_links":{"self":[{"href":"https:\/\/www.sudoestehoje.com.br\/novoportal\/wp-json\/wp\/v2\/posts\/16940","targetHints":{"allow":["GET"]}}],"collection":[{"href":"https:\/\/www.sudoestehoje.com.br\/novoportal\/wp-json\/wp\/v2\/posts"}],"about":[{"href":"https:\/\/www.sudoestehoje.com.br\/novoportal\/wp-json\/wp\/v2\/types\/post"}],"author":[{"embeddable":true,"href":"https:\/\/www.sudoestehoje.com.br\/novoportal\/wp-json\/wp\/v2\/users\/2"}],"replies":[{"embeddable":true,"href":"https:\/\/www.sudoestehoje.com.br\/novoportal\/wp-json\/wp\/v2\/comments?post=16940"}],"version-history":[{"count":2,"href":"https:\/\/www.sudoestehoje.com.br\/novoportal\/wp-json\/wp\/v2\/posts\/16940\/revisions"}],"predecessor-version":[{"id":16942,"href":"https:\/\/www.sudoestehoje.com.br\/novoportal\/wp-json\/wp\/v2\/posts\/16940\/revisions\/16942"}],"wp:attachment":[{"href":"https:\/\/www.sudoestehoje.com.br\/novoportal\/wp-json\/wp\/v2\/media?parent=16940"}],"wp:term":[{"taxonomy":"category","embeddable":true,"href":"https:\/\/www.sudoestehoje.com.br\/novoportal\/wp-json\/wp\/v2\/categories?post=16940"},{"taxonomy":"post_tag","embeddable":true,"href":"https:\/\/www.sudoestehoje.com.br\/novoportal\/wp-json\/wp\/v2\/tags?post=16940"}],"curies":[{"name":"wp","href":"https:\/\/api.w.org\/{rel}","templated":true}]}}