
{"id":16934,"date":"2012-06-13T20:08:59","date_gmt":"2012-06-13T23:08:59","guid":{"rendered":"http:\/\/www.sudoestehoje.com.br\/novoportal\/?p=16934"},"modified":"2012-06-13T23:10:27","modified_gmt":"2012-06-14T02:10:27","slug":"wagner-e-vaiado-em-itororo","status":"publish","type":"post","link":"https:\/\/www.sudoestehoje.com.br\/novoportal\/2012\/06\/13\/wagner-e-vaiado-em-itororo\/","title":{"rendered":"WAGNER \u00c9 VAIADO EM ITOROR\u00d3"},"content":{"rendered":"<p><img decoding=\"async\" class=\"aligncenter\" src=\"http:\/\/farm9.staticflickr.com\/8028\/7368887742_379e266934_z.jpg\" alt=\"\" width=\"400\" \/><\/p>\n<p style=\"text-align: center;\"><em>Cerca de 300 pessoas prestigiaram a recep\u00e7\u00e3o ao governador Wagner<\/em><\/p>\n<p>&nbsp;<\/p>\n<p>ITOROR\u00d3: Atendendo convite do prefeito Adroaldo Almeida, de Itoror\u00f3, o governador Jaques Wagner foi \u00e0 capital da &#8216;carne de Sol&#8217;, na manh\u00e3 desta quarta-feira, \u00a0para participar das comemora\u00e7\u00f5es do padroeiro Santo Ant\u00f4nio e inaugurar um PSF. Al\u00e9m da comitiva do governo, v\u00e1rios pol\u00edticos da regi\u00e3o participaram do evento, onde cerca de 300 pessoas de Itoror\u00f3 e regi\u00e3o estiveram presentes, inclusive um grupo significativo de professores da rede estadual, que voltaram a vaiar o governador.<\/p>\n<p><img decoding=\"async\" class=\"aligncenter\" src=\"http:\/\/www.blogdaresenhageral.com.br\/v1\/wp-content\/uploads\/foto-2237.jpg\" alt=\"\" width=\"400\" \/><\/p>\n<p>Impiedoso e intransigente no seu posicionamento contr\u00e1rio \u00e0 greve dos professores, Wagner fez &#8216;chacota&#8217; com os grevistas, mandando que eles retornassem ao trabalho, mesmo que para isto continuassem chamando-o de &#8220;traidor&#8221;. Depois do infeliz pronunciamento de Wagner, as vaias foram redobradas.<\/p>\n<p>Segundo informa\u00e7\u00f5es do Itapetinga News, Wagner mostrou desconhecimento sobre as supostas a\u00e7\u00f5es do seu governo em Itapetinga, se referindo apenas a &#8220;umas casas&#8221;, \u00e0 UPA 24 Hs e a &#8220;uma entrada da cidade&#8221;. As &#8220;casas&#8221; \u00a0(Minha Casa, Minha Vida) a que Wagner quis se referir, e a Upa, s\u00e3o programas do Governo Federal, e a &#8220;entrada da cidade&#8221; (Av J\u00falio Rodrigues) \u00e9 uma obra inacabada do seu governo, que se arrasta a quatro anos, e \u00e9 respons\u00e1vel por toda a desgra\u00e7a do prefeito Z\u00e9 Carlos junto ao eleitorado local.<\/p>\n<p>Presente no palanque, Z\u00e9 Carlos deu apenas um sorriso amarelo e aplaudiu sem nenhum entusiasmo o governador que quer v\u00ea-lo pelas costas.<\/p>\n<p><strong><em>Por Davi Ferraz\u00a0<\/em><\/strong><\/p>\n<p>&nbsp;<\/p>\n","protected":false},"excerpt":{"rendered":"<p>Cerca de 300 pessoas prestigiaram a recep\u00e7\u00e3o ao governador Wagner &nbsp; ITOROR\u00d3: Atendendo convite do prefeito Adroaldo Almeida, de Itoror\u00f3, o governador Jaques Wagner foi \u00e0 capital da &#8216;carne de Sol&#8217;, na manh\u00e3 desta quarta-feira, \u00a0para participar das comemora\u00e7\u00f5es do padroeiro Santo Ant\u00f4nio e inaugurar um PSF. Al\u00e9m da comitiva do governo, v\u00e1rios pol\u00edticos da [&hellip;]<\/p>\n","protected":false},"author":2,"featured_media":0,"comment_status":"open","ping_status":"open","sticky":false,"template":"","format":"standard","meta":{"footnotes":"","_links_to":"","_links_to_target":""},"categories":[1],"tags":[],"class_list":["post-16934","post","type-post","status-publish","format-standard","hentry","category-geral"],"views":1254,"_links":{"self":[{"href":"https:\/\/www.sudoestehoje.com.br\/novoportal\/wp-json\/wp\/v2\/posts\/16934","targetHints":{"allow":["GET"]}}],"collection":[{"href":"https:\/\/www.sudoestehoje.com.br\/novoportal\/wp-json\/wp\/v2\/posts"}],"about":[{"href":"https:\/\/www.sudoestehoje.com.br\/novoportal\/wp-json\/wp\/v2\/types\/post"}],"author":[{"embeddable":true,"href":"https:\/\/www.sudoestehoje.com.br\/novoportal\/wp-json\/wp\/v2\/users\/2"}],"replies":[{"embeddable":true,"href":"https:\/\/www.sudoestehoje.com.br\/novoportal\/wp-json\/wp\/v2\/comments?post=16934"}],"version-history":[{"count":6,"href":"https:\/\/www.sudoestehoje.com.br\/novoportal\/wp-json\/wp\/v2\/posts\/16934\/revisions"}],"predecessor-version":[{"id":16943,"href":"https:\/\/www.sudoestehoje.com.br\/novoportal\/wp-json\/wp\/v2\/posts\/16934\/revisions\/16943"}],"wp:attachment":[{"href":"https:\/\/www.sudoestehoje.com.br\/novoportal\/wp-json\/wp\/v2\/media?parent=16934"}],"wp:term":[{"taxonomy":"category","embeddable":true,"href":"https:\/\/www.sudoestehoje.com.br\/novoportal\/wp-json\/wp\/v2\/categories?post=16934"},{"taxonomy":"post_tag","embeddable":true,"href":"https:\/\/www.sudoestehoje.com.br\/novoportal\/wp-json\/wp\/v2\/tags?post=16934"}],"curies":[{"name":"wp","href":"https:\/\/api.w.org\/{rel}","templated":true}]}}