
{"id":16929,"date":"2012-06-13T19:22:36","date_gmt":"2012-06-13T22:22:36","guid":{"rendered":"http:\/\/www.sudoestehoje.com.br\/novoportal\/?p=16929"},"modified":"2012-06-13T19:22:36","modified_gmt":"2012-06-13T22:22:36","slug":"itapetinga-dem-e-pr-vao-coligar-na-majoritaria-e-proporcional","status":"publish","type":"post","link":"https:\/\/www.sudoestehoje.com.br\/novoportal\/2012\/06\/13\/itapetinga-dem-e-pr-vao-coligar-na-majoritaria-e-proporcional\/","title":{"rendered":"ITAPETINGA: DEM E PR V\u00c3O COLIGAR NA MAJORIT\u00c1RIA E PROPORCIONAL"},"content":{"rendered":"<p style=\"text-align: center;\"><a href=\"http:\/\/www.sudoestehoje.com.br\/novoportal\/wp-content\/uploads\/2012\/06\/GEDC1305.jpg\"><img decoding=\"async\" class=\"aligncenter  wp-image-16931\" title=\"GEDC1305\" src=\"http:\/\/www.sudoestehoje.com.br\/novoportal\/wp-content\/uploads\/2012\/06\/GEDC1305-500x281.jpg\" alt=\"\" width=\"400\" srcset=\"https:\/\/www.sudoestehoje.com.br\/novoportal\/wp-content\/uploads\/2012\/06\/GEDC1305-500x281.jpg 500w, https:\/\/www.sudoestehoje.com.br\/novoportal\/wp-content\/uploads\/2012\/06\/GEDC1305-1024x576.jpg 1024w, https:\/\/www.sudoestehoje.com.br\/novoportal\/wp-content\/uploads\/2012\/06\/GEDC1305.jpg 1920w\" sizes=\"(max-width: 500px) 100vw, 500px\" \/><\/a><\/p>\n<p style=\"text-align: center;\"><em>Geraldo Trindade (DEM) \u00e9 cotado para vice na chapa de Arnaldo Teixeira (PR)<\/em><\/p>\n<p>&nbsp;<\/p>\n<p>Em reuni\u00e3o realizada na tarde desta quarta-feira, Democratas e PR chegaram a um consenso e v\u00e3o coligar-se, tanto na elei\u00e7\u00e3o proporcional, quanto na elei\u00e7\u00e3o majorit\u00e1ria. Assim, o DEM fecha com a candidatura do m\u00e9dico Arnaldo Teixeira (PR) para prefeito e os candidatos a vereador dos dois partidos formam uma \u00fanica chapa.<\/p>\n<p>Conversando com o presidente do Democratas, Geraldo Trindade, a nossa reportagem foi informada que a decis\u00e3o desta tarde n\u00e3o exclui a participa\u00e7\u00e3o dos demais partidos de oposi\u00e7\u00e3o que desejarem integrar a coliga\u00e7\u00e3o, para disputar, com toda for\u00e7a, as elei\u00e7\u00f5es de outubro.<\/p>\n<p>Quanto \u00e0 escolha do prov\u00e1vel nome do DEM para compor a chapa majorit\u00e1ria com o PR, n\u00e3o houve nenhuma decis\u00e3o, mas nos bastidores j\u00e1 \u00e9 tido como certo o nome de Geraldo Trindade para vice de \u00a0Dr. Arnaldo.<\/p>\n<p><strong><em>Por Davi Ferraz<\/em><\/strong><\/p>\n<p>&nbsp;<\/p>\n","protected":false},"excerpt":{"rendered":"<p>Geraldo Trindade (DEM) \u00e9 cotado para vice na chapa de Arnaldo Teixeira (PR) &nbsp; Em reuni\u00e3o realizada na tarde desta quarta-feira, Democratas e PR chegaram a um consenso e v\u00e3o coligar-se, tanto na elei\u00e7\u00e3o proporcional, quanto na elei\u00e7\u00e3o majorit\u00e1ria. Assim, o DEM fecha com a candidatura do m\u00e9dico Arnaldo Teixeira (PR) para prefeito e os [&hellip;]<\/p>\n","protected":false},"author":2,"featured_media":0,"comment_status":"open","ping_status":"open","sticky":false,"template":"","format":"standard","meta":{"footnotes":"","_links_to":"","_links_to_target":""},"categories":[1],"tags":[],"class_list":["post-16929","post","type-post","status-publish","format-standard","hentry","category-geral"],"views":1251,"_links":{"self":[{"href":"https:\/\/www.sudoestehoje.com.br\/novoportal\/wp-json\/wp\/v2\/posts\/16929","targetHints":{"allow":["GET"]}}],"collection":[{"href":"https:\/\/www.sudoestehoje.com.br\/novoportal\/wp-json\/wp\/v2\/posts"}],"about":[{"href":"https:\/\/www.sudoestehoje.com.br\/novoportal\/wp-json\/wp\/v2\/types\/post"}],"author":[{"embeddable":true,"href":"https:\/\/www.sudoestehoje.com.br\/novoportal\/wp-json\/wp\/v2\/users\/2"}],"replies":[{"embeddable":true,"href":"https:\/\/www.sudoestehoje.com.br\/novoportal\/wp-json\/wp\/v2\/comments?post=16929"}],"version-history":[{"count":3,"href":"https:\/\/www.sudoestehoje.com.br\/novoportal\/wp-json\/wp\/v2\/posts\/16929\/revisions"}],"predecessor-version":[{"id":16933,"href":"https:\/\/www.sudoestehoje.com.br\/novoportal\/wp-json\/wp\/v2\/posts\/16929\/revisions\/16933"}],"wp:attachment":[{"href":"https:\/\/www.sudoestehoje.com.br\/novoportal\/wp-json\/wp\/v2\/media?parent=16929"}],"wp:term":[{"taxonomy":"category","embeddable":true,"href":"https:\/\/www.sudoestehoje.com.br\/novoportal\/wp-json\/wp\/v2\/categories?post=16929"},{"taxonomy":"post_tag","embeddable":true,"href":"https:\/\/www.sudoestehoje.com.br\/novoportal\/wp-json\/wp\/v2\/tags?post=16929"}],"curies":[{"name":"wp","href":"https:\/\/api.w.org\/{rel}","templated":true}]}}