
{"id":16921,"date":"2012-06-13T12:16:45","date_gmt":"2012-06-13T15:16:45","guid":{"rendered":"http:\/\/www.sudoestehoje.com.br\/novoportal\/?p=16921"},"modified":"2012-06-13T12:30:32","modified_gmt":"2012-06-13T15:30:32","slug":"itapetinga-alunos-do-if-baiano-saem-as-ruas-em-protesto","status":"publish","type":"post","link":"https:\/\/www.sudoestehoje.com.br\/novoportal\/2012\/06\/13\/itapetinga-alunos-do-if-baiano-saem-as-ruas-em-protesto\/","title":{"rendered":"ITAPETINGA: ALUNOS DO IF BAIANO SAEM \u00c0S RUAS EM PROTESTO"},"content":{"rendered":"<p style=\"text-align: center;\"><em>Foto: Itapetinga Rep\u00f3rter<\/em><\/p>\n<p><img decoding=\"async\" class=\"aligncenter\" src=\"http:\/\/4.bp.blogspot.com\/-XKnAopwCQEc\/T9egSrW0ewI\/AAAAAAAAG4A\/IvTeTG-Nl-M\/s640\/greve+f.jpg\" alt=\"\" width=\"400\" \/><\/p>\n<p>&nbsp;<\/p>\n<p>Estudantes do IF Baiano sa\u00edram palas ruas de Itapetinga, nesta ter\u00e7a-feira (12), em protesto contra as condi\u00e7\u00f5es que se encontra o Campus de Itapetinga, como a falta de professores, livros e infra-estrutura. Na manifesta\u00e7\u00e3o, os alunos expressaram grande preocupa\u00e7\u00e3o quanto a uma poss\u00edvel greve dos professores, que pode acontecer a qualquer momento, comprometendo o calend\u00e1rio escolar, como j\u00e1 aconteceu no ano passado. Segundo os alunos, as unidades de Senhor do Bonfim, Guanambi e Santa In\u00eas j\u00e1 est\u00e3o em greve e em Itapetinga os docentes podem paralisar a qualquer momento prejudicando o ano letivo.<\/p>\n","protected":false},"excerpt":{"rendered":"<p>Foto: Itapetinga Rep\u00f3rter &nbsp; Estudantes do IF Baiano sa\u00edram palas ruas de Itapetinga, nesta ter\u00e7a-feira (12), em protesto contra as condi\u00e7\u00f5es que se encontra o Campus de Itapetinga, como a falta de professores, livros e infra-estrutura. Na manifesta\u00e7\u00e3o, os alunos expressaram grande preocupa\u00e7\u00e3o quanto a uma poss\u00edvel greve dos professores, que pode acontecer a qualquer [&hellip;]<\/p>\n","protected":false},"author":2,"featured_media":0,"comment_status":"open","ping_status":"open","sticky":false,"template":"","format":"standard","meta":{"footnotes":"","_links_to":"","_links_to_target":""},"categories":[1],"tags":[],"class_list":["post-16921","post","type-post","status-publish","format-standard","hentry","category-geral"],"views":2486,"_links":{"self":[{"href":"https:\/\/www.sudoestehoje.com.br\/novoportal\/wp-json\/wp\/v2\/posts\/16921","targetHints":{"allow":["GET"]}}],"collection":[{"href":"https:\/\/www.sudoestehoje.com.br\/novoportal\/wp-json\/wp\/v2\/posts"}],"about":[{"href":"https:\/\/www.sudoestehoje.com.br\/novoportal\/wp-json\/wp\/v2\/types\/post"}],"author":[{"embeddable":true,"href":"https:\/\/www.sudoestehoje.com.br\/novoportal\/wp-json\/wp\/v2\/users\/2"}],"replies":[{"embeddable":true,"href":"https:\/\/www.sudoestehoje.com.br\/novoportal\/wp-json\/wp\/v2\/comments?post=16921"}],"version-history":[{"count":4,"href":"https:\/\/www.sudoestehoje.com.br\/novoportal\/wp-json\/wp\/v2\/posts\/16921\/revisions"}],"predecessor-version":[{"id":16924,"href":"https:\/\/www.sudoestehoje.com.br\/novoportal\/wp-json\/wp\/v2\/posts\/16921\/revisions\/16924"}],"wp:attachment":[{"href":"https:\/\/www.sudoestehoje.com.br\/novoportal\/wp-json\/wp\/v2\/media?parent=16921"}],"wp:term":[{"taxonomy":"category","embeddable":true,"href":"https:\/\/www.sudoestehoje.com.br\/novoportal\/wp-json\/wp\/v2\/categories?post=16921"},{"taxonomy":"post_tag","embeddable":true,"href":"https:\/\/www.sudoestehoje.com.br\/novoportal\/wp-json\/wp\/v2\/tags?post=16921"}],"curies":[{"name":"wp","href":"https:\/\/api.w.org\/{rel}","templated":true}]}}