
{"id":16916,"date":"2012-06-13T11:54:01","date_gmt":"2012-06-13T14:54:01","guid":{"rendered":"http:\/\/www.sudoestehoje.com.br\/novoportal\/?p=16916"},"modified":"2012-06-13T11:55:25","modified_gmt":"2012-06-13T14:55:25","slug":"ilheus-e-a-copa-2014","status":"publish","type":"post","link":"https:\/\/www.sudoestehoje.com.br\/novoportal\/2012\/06\/13\/ilheus-e-a-copa-2014\/","title":{"rendered":"ILH\u00c9US NA COPA DE 2014"},"content":{"rendered":"<p><img decoding=\"async\" class=\"aligncenter\" src=\"http:\/\/www.pimenta.blog.br\/wp-content\/uploads\/Ilh%C3%A9us-a%C3%A9rea-foto-Jos%C3%A9-Nazal.jpg\" alt=\"\" width=\"400\" \/><\/p>\n<p>&nbsp;<\/p>\n<p>Ilheenses, enfim, podem comemorar a escolha do terceiro destino tur\u00edstico baiano como uma das sedes oficiais dos centros de treinamento para a Copa do Mundo de 2014. Protocolo neste sentido foi assinado pelo prefeito Newton Lima e a representa\u00e7\u00e3o da Fifa.<\/p>\n<p>O est\u00e1dio M\u00e1rio Pessoa foi habilitado como centro de treinamento e os hot\u00e9is Jardim Atl\u00e2ntico e Cana Brava foram aprovados para hospedar sele\u00e7\u00f5es. Agora, o munic\u00edpio ter\u00e1 que criar uma boa equipe para vender o destino e, assim, atrair alguma das sele\u00e7\u00f5es que participar\u00e3o do Mundial. <em>Pimenta<\/em><\/p>\n","protected":false},"excerpt":{"rendered":"<p>&nbsp; Ilheenses, enfim, podem comemorar a escolha do terceiro destino tur\u00edstico baiano como uma das sedes oficiais dos centros de treinamento para a Copa do Mundo de 2014. Protocolo neste sentido foi assinado pelo prefeito Newton Lima e a representa\u00e7\u00e3o da Fifa. O est\u00e1dio M\u00e1rio Pessoa foi habilitado como centro de treinamento e os hot\u00e9is [&hellip;]<\/p>\n","protected":false},"author":2,"featured_media":0,"comment_status":"open","ping_status":"open","sticky":false,"template":"","format":"standard","meta":{"footnotes":"","_links_to":"","_links_to_target":""},"categories":[1],"tags":[],"class_list":["post-16916","post","type-post","status-publish","format-standard","hentry","category-geral"],"views":1294,"_links":{"self":[{"href":"https:\/\/www.sudoestehoje.com.br\/novoportal\/wp-json\/wp\/v2\/posts\/16916","targetHints":{"allow":["GET"]}}],"collection":[{"href":"https:\/\/www.sudoestehoje.com.br\/novoportal\/wp-json\/wp\/v2\/posts"}],"about":[{"href":"https:\/\/www.sudoestehoje.com.br\/novoportal\/wp-json\/wp\/v2\/types\/post"}],"author":[{"embeddable":true,"href":"https:\/\/www.sudoestehoje.com.br\/novoportal\/wp-json\/wp\/v2\/users\/2"}],"replies":[{"embeddable":true,"href":"https:\/\/www.sudoestehoje.com.br\/novoportal\/wp-json\/wp\/v2\/comments?post=16916"}],"version-history":[{"count":3,"href":"https:\/\/www.sudoestehoje.com.br\/novoportal\/wp-json\/wp\/v2\/posts\/16916\/revisions"}],"predecessor-version":[{"id":16919,"href":"https:\/\/www.sudoestehoje.com.br\/novoportal\/wp-json\/wp\/v2\/posts\/16916\/revisions\/16919"}],"wp:attachment":[{"href":"https:\/\/www.sudoestehoje.com.br\/novoportal\/wp-json\/wp\/v2\/media?parent=16916"}],"wp:term":[{"taxonomy":"category","embeddable":true,"href":"https:\/\/www.sudoestehoje.com.br\/novoportal\/wp-json\/wp\/v2\/categories?post=16916"},{"taxonomy":"post_tag","embeddable":true,"href":"https:\/\/www.sudoestehoje.com.br\/novoportal\/wp-json\/wp\/v2\/tags?post=16916"}],"curies":[{"name":"wp","href":"https:\/\/api.w.org\/{rel}","templated":true}]}}