
{"id":16912,"date":"2012-06-12T22:26:37","date_gmt":"2012-06-13T01:26:37","guid":{"rendered":"http:\/\/www.sudoestehoje.com.br\/novoportal\/?p=16912"},"modified":"2012-06-12T22:26:37","modified_gmt":"2012-06-13T01:26:37","slug":"ze-carlos-vai-encarar-os-bairros","status":"publish","type":"post","link":"https:\/\/www.sudoestehoje.com.br\/novoportal\/2012\/06\/12\/ze-carlos-vai-encarar-os-bairros\/","title":{"rendered":"Z\u00c9 CARLOS VAI ENCARAR OS BAIRROS?"},"content":{"rendered":"<p>ITAPETINGA: A situa\u00e7\u00e3o do prefeito Z\u00e9 Carlos se agrava a cada dia que passa. Nos bairros perif\u00e9ricos, como as Vilas, Am\u00e9rico Nogueira e Quintas do Morumbi, a popularidade do prefeito foi a &#8216;zero&#8217;, com os moradores totalmente revoltados com a administra\u00e7\u00e3o municipal.<\/p>\n<p>Confira a reportagem do <em>Tribuna de Itapetinga<\/em> no Quintas do Morumbi:<\/p>\n<p>http:\/\/www.youtube.com\/watch?feature=player_embedded&#038;v=CYitdiOI68E<\/p>\n","protected":false},"excerpt":{"rendered":"<p>ITAPETINGA: A situa\u00e7\u00e3o do prefeito Z\u00e9 Carlos se agrava a cada dia que passa. Nos bairros perif\u00e9ricos, como as Vilas, Am\u00e9rico Nogueira e Quintas do Morumbi, a popularidade do prefeito foi a &#8216;zero&#8217;, com os moradores totalmente revoltados com a administra\u00e7\u00e3o municipal. Confira a reportagem do Tribuna de Itapetinga no Quintas do Morumbi: http:\/\/www.youtube.com\/watch?feature=player_embedded&#038;v=CYitdiOI68E<\/p>\n","protected":false},"author":2,"featured_media":0,"comment_status":"open","ping_status":"open","sticky":false,"template":"","format":"standard","meta":{"footnotes":"","_links_to":"","_links_to_target":""},"categories":[1],"tags":[],"class_list":["post-16912","post","type-post","status-publish","format-standard","hentry","category-geral"],"views":1296,"_links":{"self":[{"href":"https:\/\/www.sudoestehoje.com.br\/novoportal\/wp-json\/wp\/v2\/posts\/16912","targetHints":{"allow":["GET"]}}],"collection":[{"href":"https:\/\/www.sudoestehoje.com.br\/novoportal\/wp-json\/wp\/v2\/posts"}],"about":[{"href":"https:\/\/www.sudoestehoje.com.br\/novoportal\/wp-json\/wp\/v2\/types\/post"}],"author":[{"embeddable":true,"href":"https:\/\/www.sudoestehoje.com.br\/novoportal\/wp-json\/wp\/v2\/users\/2"}],"replies":[{"embeddable":true,"href":"https:\/\/www.sudoestehoje.com.br\/novoportal\/wp-json\/wp\/v2\/comments?post=16912"}],"version-history":[{"count":3,"href":"https:\/\/www.sudoestehoje.com.br\/novoportal\/wp-json\/wp\/v2\/posts\/16912\/revisions"}],"predecessor-version":[{"id":16915,"href":"https:\/\/www.sudoestehoje.com.br\/novoportal\/wp-json\/wp\/v2\/posts\/16912\/revisions\/16915"}],"wp:attachment":[{"href":"https:\/\/www.sudoestehoje.com.br\/novoportal\/wp-json\/wp\/v2\/media?parent=16912"}],"wp:term":[{"taxonomy":"category","embeddable":true,"href":"https:\/\/www.sudoestehoje.com.br\/novoportal\/wp-json\/wp\/v2\/categories?post=16912"},{"taxonomy":"post_tag","embeddable":true,"href":"https:\/\/www.sudoestehoje.com.br\/novoportal\/wp-json\/wp\/v2\/tags?post=16912"}],"curies":[{"name":"wp","href":"https:\/\/api.w.org\/{rel}","templated":true}]}}