
{"id":16891,"date":"2012-06-12T19:36:54","date_gmt":"2012-06-12T22:36:54","guid":{"rendered":"http:\/\/www.sudoestehoje.com.br\/novoportal\/?p=16891"},"modified":"2012-06-12T19:38:22","modified_gmt":"2012-06-12T22:38:22","slug":"stj-confirma-suspensao-de-pagamento-de-salario-aos-professores-em-greve","status":"publish","type":"post","link":"https:\/\/www.sudoestehoje.com.br\/novoportal\/2012\/06\/12\/stj-confirma-suspensao-de-pagamento-de-salario-aos-professores-em-greve\/","title":{"rendered":"STJ CONFIRMA SUSPENS\u00c3O DO PAGAMENTO DE SAL\u00c1RIO AOS PROFESSORES EM GREVE"},"content":{"rendered":"<p><img decoding=\"async\" class=\"aligncenter\" src=\"http:\/\/www.politicalivre.com.br\/wp-content\/thumbgen_cache\/e83e098f1e54831f706df6b36fd228e0.jpg\" alt=\"\" width=\"400\" \/><\/p>\n<p style=\"text-align: center;\"><em>Professores em greve v\u00e3o continuar sem receber seus sal\u00e1rios<\/em><\/p>\n<p>&nbsp;<\/p>\n<p>O presidente do Superior Tribunal de Justi\u00e7a (STJ), ministro Ari Pargendler, decidiu nesta ter\u00e7a-feira (12) suspender a liminar concedida pelo Tribunal de Justi\u00e7a da Bahia (TJ-BA) que orientava o pagamento dos sal\u00e1rios dos professores da rede p\u00fablica estadual em greve. \u201cA decis\u00e3o do STJ segue o entendimento do Supremo Tribunal Federal (STF), no sentido da aplica\u00e7\u00e3o da lei de greve ao servi\u00e7o p\u00fablico, que n\u00e3o obriga ao pagamento dos sal\u00e1rios no per\u00edodo da paralisa\u00e7\u00e3o\u201d, afirmou o procurador geral do Estado, Rui Moraes Cruz. A PGE entendeu que a liminar deferida tinha conte\u00fado contradit\u00f3rio em rela\u00e7\u00e3o \u00e0 decis\u00e3o anterior, tamb\u00e9m do Tribunal de Justi\u00e7a, que manteve os efeitos da declara\u00e7\u00e3o de ilegalidade da greve na rede p\u00fablica de ensino do Estado, decidida pela 5\u00aa Vara da Fazenda P\u00fablica da Bahia. Na decis\u00e3o favor\u00e1vel ao governo, o ministro Parglender afirma que, \u201csalvo melhor ju\u00edzo, a decis\u00e3o administrativa que determina o desconto em folha de pagamento dos servidores grevistas \u00e9 compat\u00edvel com o regime da lei (7.783\/1989)\u201d.<\/p>\n","protected":false},"excerpt":{"rendered":"<p>Professores em greve v\u00e3o continuar sem receber seus sal\u00e1rios &nbsp; O presidente do Superior Tribunal de Justi\u00e7a (STJ), ministro Ari Pargendler, decidiu nesta ter\u00e7a-feira (12) suspender a liminar concedida pelo Tribunal de Justi\u00e7a da Bahia (TJ-BA) que orientava o pagamento dos sal\u00e1rios dos professores da rede p\u00fablica estadual em greve. \u201cA decis\u00e3o do STJ segue [&hellip;]<\/p>\n","protected":false},"author":2,"featured_media":0,"comment_status":"open","ping_status":"open","sticky":false,"template":"","format":"standard","meta":{"footnotes":"","_links_to":"","_links_to_target":""},"categories":[1],"tags":[],"class_list":["post-16891","post","type-post","status-publish","format-standard","hentry","category-geral"],"views":1171,"_links":{"self":[{"href":"https:\/\/www.sudoestehoje.com.br\/novoportal\/wp-json\/wp\/v2\/posts\/16891","targetHints":{"allow":["GET"]}}],"collection":[{"href":"https:\/\/www.sudoestehoje.com.br\/novoportal\/wp-json\/wp\/v2\/posts"}],"about":[{"href":"https:\/\/www.sudoestehoje.com.br\/novoportal\/wp-json\/wp\/v2\/types\/post"}],"author":[{"embeddable":true,"href":"https:\/\/www.sudoestehoje.com.br\/novoportal\/wp-json\/wp\/v2\/users\/2"}],"replies":[{"embeddable":true,"href":"https:\/\/www.sudoestehoje.com.br\/novoportal\/wp-json\/wp\/v2\/comments?post=16891"}],"version-history":[{"count":6,"href":"https:\/\/www.sudoestehoje.com.br\/novoportal\/wp-json\/wp\/v2\/posts\/16891\/revisions"}],"predecessor-version":[{"id":16897,"href":"https:\/\/www.sudoestehoje.com.br\/novoportal\/wp-json\/wp\/v2\/posts\/16891\/revisions\/16897"}],"wp:attachment":[{"href":"https:\/\/www.sudoestehoje.com.br\/novoportal\/wp-json\/wp\/v2\/media?parent=16891"}],"wp:term":[{"taxonomy":"category","embeddable":true,"href":"https:\/\/www.sudoestehoje.com.br\/novoportal\/wp-json\/wp\/v2\/categories?post=16891"},{"taxonomy":"post_tag","embeddable":true,"href":"https:\/\/www.sudoestehoje.com.br\/novoportal\/wp-json\/wp\/v2\/tags?post=16891"}],"curies":[{"name":"wp","href":"https:\/\/api.w.org\/{rel}","templated":true}]}}