
{"id":16884,"date":"2012-06-12T08:57:14","date_gmt":"2012-06-12T11:57:14","guid":{"rendered":"http:\/\/www.sudoestehoje.com.br\/novoportal\/?p=16884"},"modified":"2012-06-12T09:03:54","modified_gmt":"2012-06-12T12:03:54","slug":"palmares-sem-agua","status":"publish","type":"post","link":"https:\/\/www.sudoestehoje.com.br\/novoportal\/2012\/06\/12\/palmares-sem-agua\/","title":{"rendered":"PALMARES SEM \u00c1GUA"},"content":{"rendered":"<p><img decoding=\"async\" class=\"aligncenter\" src=\"http:\/\/aguamineralpalmares.com.br\/imagens\/produtos\/emb10litros.png\" alt=\"\" width=\"350\" \/><\/p>\n<p style=\"text-align: center;\"><em>Esta \u00e9 a \u00fanica \u00e1gua que n\u00e3o falta em Palmares<\/em><\/p>\n<p>&nbsp;<\/p>\n<p>ITAPETINGA: Mesmo depois de inaugurada a adutora que leva \u00e1gua do Rio Pardo para Palmares, a popula\u00e7\u00e3o do distrito continua sofrendo com a falta do l\u00edquido precioso, e o pior, pagando a conta. Segundo moradores de Palmares, o fornecimento de \u00e1gua \u00e9 irregular, sem nenhuma raz\u00e3o plaus\u00edvel, pois o Rio Pardo \u00e9 perene e a seca na regi\u00e3o n\u00e3o pode ser alegada como motivo para a interrup\u00e7\u00e3o do fornecimento.<\/p>\n<p>Segundo eles, \u00a0somente na semana passada o fornecimento de \u00e1gua foi interrompido durante tr\u00eas dias consecutivos, sem nenhuma explica\u00e7\u00e3o por parte do SAAE. Outro problema que a popula\u00e7\u00e3o de Palmares vem enfrentando \u00e9 a interrup\u00e7\u00e3o no fornecimento de energia el\u00e9trica, que deixou j\u00e1 o distrito \u00e0s escuras, durante dois dias seguidos.<\/p>\n<p>Outros problemas relativos \u00e0 sa\u00fade e \u00a0\u00e0 educa\u00e7\u00e3o tamb\u00e9m atingem os palmarenses. O fraqu\u00edssimo administrador distrital n\u00e3o d\u00e1 nenhuma assist\u00eancia \u00e0 popula\u00e7\u00e3o e pouco fica no distrito. Fica mais na sede do que em Palmares.<\/p>\n<p><em><strong>Da Reda\u00e7\u00e3o\u00a0<\/strong><\/em><\/p>\n<p>&nbsp;<\/p>\n","protected":false},"excerpt":{"rendered":"<p>Esta \u00e9 a \u00fanica \u00e1gua que n\u00e3o falta em Palmares &nbsp; ITAPETINGA: Mesmo depois de inaugurada a adutora que leva \u00e1gua do Rio Pardo para Palmares, a popula\u00e7\u00e3o do distrito continua sofrendo com a falta do l\u00edquido precioso, e o pior, pagando a conta. Segundo moradores de Palmares, o fornecimento de \u00e1gua \u00e9 irregular, sem [&hellip;]<\/p>\n","protected":false},"author":2,"featured_media":0,"comment_status":"open","ping_status":"open","sticky":false,"template":"","format":"standard","meta":{"footnotes":"","_links_to":"","_links_to_target":""},"categories":[1],"tags":[],"class_list":["post-16884","post","type-post","status-publish","format-standard","hentry","category-geral"],"views":1175,"_links":{"self":[{"href":"https:\/\/www.sudoestehoje.com.br\/novoportal\/wp-json\/wp\/v2\/posts\/16884","targetHints":{"allow":["GET"]}}],"collection":[{"href":"https:\/\/www.sudoestehoje.com.br\/novoportal\/wp-json\/wp\/v2\/posts"}],"about":[{"href":"https:\/\/www.sudoestehoje.com.br\/novoportal\/wp-json\/wp\/v2\/types\/post"}],"author":[{"embeddable":true,"href":"https:\/\/www.sudoestehoje.com.br\/novoportal\/wp-json\/wp\/v2\/users\/2"}],"replies":[{"embeddable":true,"href":"https:\/\/www.sudoestehoje.com.br\/novoportal\/wp-json\/wp\/v2\/comments?post=16884"}],"version-history":[{"count":4,"href":"https:\/\/www.sudoestehoje.com.br\/novoportal\/wp-json\/wp\/v2\/posts\/16884\/revisions"}],"predecessor-version":[{"id":16889,"href":"https:\/\/www.sudoestehoje.com.br\/novoportal\/wp-json\/wp\/v2\/posts\/16884\/revisions\/16889"}],"wp:attachment":[{"href":"https:\/\/www.sudoestehoje.com.br\/novoportal\/wp-json\/wp\/v2\/media?parent=16884"}],"wp:term":[{"taxonomy":"category","embeddable":true,"href":"https:\/\/www.sudoestehoje.com.br\/novoportal\/wp-json\/wp\/v2\/categories?post=16884"},{"taxonomy":"post_tag","embeddable":true,"href":"https:\/\/www.sudoestehoje.com.br\/novoportal\/wp-json\/wp\/v2\/tags?post=16884"}],"curies":[{"name":"wp","href":"https:\/\/api.w.org\/{rel}","templated":true}]}}