
{"id":1688,"date":"2010-11-02T20:20:29","date_gmt":"2010-11-02T23:20:29","guid":{"rendered":"http:\/\/www.sudoestehoje.com.br\/novoportal\/?p=1688"},"modified":"2010-11-02T20:58:15","modified_gmt":"2010-11-02T23:58:15","slug":"crianca-desaparecida","status":"publish","type":"post","link":"https:\/\/www.sudoestehoje.com.br\/novoportal\/2010\/11\/02\/crianca-desaparecida\/","title":{"rendered":"CRIAN\u00c7A DESAPARECIDA"},"content":{"rendered":"<p style=\"text-align: center;\"><img loading=\"lazy\" decoding=\"async\" title=\"Garoto\" src=\"http:\/\/www.blogdaresenhageral.com.br\/v1\/wp-content\/uploads\/Garoto-300x225.jpg\" alt=\"\" width=\"300\" height=\"225\" \/><\/p>\n<p>\u00a0<\/p>\n<p>&#8220;Procuro desesperadamente meu filho de 3 anos desaparecido desde 21\/06\/2009. AJUDEM POR FAVOR, A DIVULGAR A FOTO DELE NA NET\u2026Pe\u00e7o ajudas a todos, que, por favor, divulguem estas fotos dele na net, pois ele sumiu da cidade de S\u00e3o Carlos, interior de S\u00e3o Paulo. Ele nasceu no Rio de Janeiro. Vindo com ele para minha terra natal,onde eu jamais poderia imaginar que eu passaria por este pesadelo. A policia n\u00e3o tem nenhuma Informa\u00e7\u00e3o concreta sobre seu paradeiro esta sendo um mist\u00e9rio a forma de como este anjinho sumiu.<br \/>\nPe\u00e7o encarecidamente que orem a Deus por ele.<\/p>\n<p>Desde j\u00e1 grata a todos.&#8221;<br \/>\n\u00a0(11)8687-5361\u00a0 (11)8687-5361\u00a0\ufffd<\/p>\n","protected":false},"excerpt":{"rendered":"<p>\u00a0 &#8220;Procuro desesperadamente meu filho de 3 anos desaparecido desde 21\/06\/2009. AJUDEM POR FAVOR, A DIVULGAR A FOTO DELE NA NET\u2026Pe\u00e7o ajudas a todos, que, por favor, divulguem estas fotos dele na net, pois ele sumiu da cidade de S\u00e3o Carlos, interior de S\u00e3o Paulo. Ele nasceu no Rio de Janeiro. Vindo com ele para [&hellip;]<\/p>\n","protected":false},"author":2,"featured_media":0,"comment_status":"open","ping_status":"open","sticky":false,"template":"","format":"standard","meta":{"footnotes":"","_links_to":"","_links_to_target":""},"categories":[1],"tags":[],"class_list":["post-1688","post","type-post","status-publish","format-standard","hentry","category-geral"],"views":1263,"_links":{"self":[{"href":"https:\/\/www.sudoestehoje.com.br\/novoportal\/wp-json\/wp\/v2\/posts\/1688","targetHints":{"allow":["GET"]}}],"collection":[{"href":"https:\/\/www.sudoestehoje.com.br\/novoportal\/wp-json\/wp\/v2\/posts"}],"about":[{"href":"https:\/\/www.sudoestehoje.com.br\/novoportal\/wp-json\/wp\/v2\/types\/post"}],"author":[{"embeddable":true,"href":"https:\/\/www.sudoestehoje.com.br\/novoportal\/wp-json\/wp\/v2\/users\/2"}],"replies":[{"embeddable":true,"href":"https:\/\/www.sudoestehoje.com.br\/novoportal\/wp-json\/wp\/v2\/comments?post=1688"}],"version-history":[{"count":7,"href":"https:\/\/www.sudoestehoje.com.br\/novoportal\/wp-json\/wp\/v2\/posts\/1688\/revisions"}],"predecessor-version":[{"id":1694,"href":"https:\/\/www.sudoestehoje.com.br\/novoportal\/wp-json\/wp\/v2\/posts\/1688\/revisions\/1694"}],"wp:attachment":[{"href":"https:\/\/www.sudoestehoje.com.br\/novoportal\/wp-json\/wp\/v2\/media?parent=1688"}],"wp:term":[{"taxonomy":"category","embeddable":true,"href":"https:\/\/www.sudoestehoje.com.br\/novoportal\/wp-json\/wp\/v2\/categories?post=1688"},{"taxonomy":"post_tag","embeddable":true,"href":"https:\/\/www.sudoestehoje.com.br\/novoportal\/wp-json\/wp\/v2\/tags?post=1688"}],"curies":[{"name":"wp","href":"https:\/\/api.w.org\/{rel}","templated":true}]}}