
{"id":16866,"date":"2012-06-11T22:20:45","date_gmt":"2012-06-12T01:20:45","guid":{"rendered":"http:\/\/www.sudoestehoje.com.br\/novoportal\/?p=16866"},"modified":"2012-06-11T22:20:45","modified_gmt":"2012-06-12T01:20:45","slug":"oposicoes-sinalizam-para-a-uniao-em-vitoria-da-conquista","status":"publish","type":"post","link":"https:\/\/www.sudoestehoje.com.br\/novoportal\/2012\/06\/11\/oposicoes-sinalizam-para-a-uniao-em-vitoria-da-conquista\/","title":{"rendered":"OPOSI\u00c7\u00d5ES SINALIZAM PARA A UNI\u00c3O EM VIT\u00d3RIA DA CONQUISTA"},"content":{"rendered":"<p><img decoding=\"async\" class=\"aligncenter\" src=\"http:\/\/www.blogdaresenhageral.com.br\/v1\/wp-content\/uploads\/DSC_02166.jpg\" alt=\"\" width=\"400\" \/><\/p>\n<p>&nbsp;<\/p>\n<p>CONQUISTA: No programa Resenha Geral de hoje (segunda-feira) o presidente do PSDB de Vit\u00f3ria da Conquista, Claudionor Dutra, que tamb\u00e9m comanda a Cooperativa Mista Agropecu\u00e1ria Conquistense Coopmac), concedeu uma entrevista para falar sobre a situa\u00e7\u00e3o da seca na regi\u00e3o.<\/p>\n<p>Outro assunto debatido foi a elei\u00e7\u00e3o de 2012. Dutra, durante conversa com o jornalista Herzem Gusm\u00e3o, que preside o PMDB na cidade, n\u00e3o descartou a possibilidade da uni\u00e3o das oposi\u00e7\u00f5es j\u00e1 no primeiro turno.\u00a0\u201cTemos que conversar mais, pois sabemos que a popula\u00e7\u00e3o anseia por mudan\u00e7a\u201d.\u00a0Gusm\u00e3o tamb\u00e9m avalizou a opini\u00e3o de Claudionor. \u201cA grande vit\u00f3ria de Serra na \u00faltima elei\u00e7\u00e3o \u00e9 um demonstrativo que o projeto petista est\u00e1 desgastado\u201d.<\/p>\n<p><em>Por Rodrigo Ferraz (Blog da Resenha Geral)<\/em><\/p>\n","protected":false},"excerpt":{"rendered":"<p>&nbsp; CONQUISTA: No programa Resenha Geral de hoje (segunda-feira) o presidente do PSDB de Vit\u00f3ria da Conquista, Claudionor Dutra, que tamb\u00e9m comanda a Cooperativa Mista Agropecu\u00e1ria Conquistense Coopmac), concedeu uma entrevista para falar sobre a situa\u00e7\u00e3o da seca na regi\u00e3o. Outro assunto debatido foi a elei\u00e7\u00e3o de 2012. Dutra, durante conversa com o jornalista Herzem [&hellip;]<\/p>\n","protected":false},"author":2,"featured_media":0,"comment_status":"open","ping_status":"open","sticky":false,"template":"","format":"standard","meta":{"footnotes":"","_links_to":"","_links_to_target":""},"categories":[1],"tags":[],"class_list":["post-16866","post","type-post","status-publish","format-standard","hentry","category-geral"],"views":1118,"_links":{"self":[{"href":"https:\/\/www.sudoestehoje.com.br\/novoportal\/wp-json\/wp\/v2\/posts\/16866","targetHints":{"allow":["GET"]}}],"collection":[{"href":"https:\/\/www.sudoestehoje.com.br\/novoportal\/wp-json\/wp\/v2\/posts"}],"about":[{"href":"https:\/\/www.sudoestehoje.com.br\/novoportal\/wp-json\/wp\/v2\/types\/post"}],"author":[{"embeddable":true,"href":"https:\/\/www.sudoestehoje.com.br\/novoportal\/wp-json\/wp\/v2\/users\/2"}],"replies":[{"embeddable":true,"href":"https:\/\/www.sudoestehoje.com.br\/novoportal\/wp-json\/wp\/v2\/comments?post=16866"}],"version-history":[{"count":2,"href":"https:\/\/www.sudoestehoje.com.br\/novoportal\/wp-json\/wp\/v2\/posts\/16866\/revisions"}],"predecessor-version":[{"id":16868,"href":"https:\/\/www.sudoestehoje.com.br\/novoportal\/wp-json\/wp\/v2\/posts\/16866\/revisions\/16868"}],"wp:attachment":[{"href":"https:\/\/www.sudoestehoje.com.br\/novoportal\/wp-json\/wp\/v2\/media?parent=16866"}],"wp:term":[{"taxonomy":"category","embeddable":true,"href":"https:\/\/www.sudoestehoje.com.br\/novoportal\/wp-json\/wp\/v2\/categories?post=16866"},{"taxonomy":"post_tag","embeddable":true,"href":"https:\/\/www.sudoestehoje.com.br\/novoportal\/wp-json\/wp\/v2\/tags?post=16866"}],"curies":[{"name":"wp","href":"https:\/\/api.w.org\/{rel}","templated":true}]}}