
{"id":16852,"date":"2012-06-11T19:53:34","date_gmt":"2012-06-11T22:53:34","guid":{"rendered":"http:\/\/www.sudoestehoje.com.br\/novoportal\/?p=16852"},"modified":"2012-06-11T19:53:34","modified_gmt":"2012-06-11T22:53:34","slug":"nota-de-esclarecimento-do-pr","status":"publish","type":"post","link":"https:\/\/www.sudoestehoje.com.br\/novoportal\/2012\/06\/11\/nota-de-esclarecimento-do-pr\/","title":{"rendered":"NOTA DE ESCLARECIMENTO DO PR"},"content":{"rendered":"<p><img decoding=\"async\" class=\"aligncenter\" src=\"http:\/\/www.enfoconoticias.com.br\/arquivo\/cache\/2011\/09\/14\/imagem\/monte-negro-encontro-do-partido-da-republica-sera-dia-23-de-setembro489x346_671aicitonp169kppmnm1kpuf04p14s041v1.jpg\" alt=\"\" width=\"400\" \/><\/p>\n<p>&nbsp;<\/p>\n<p>N\u00e3o tem qualquer fundo de verdade coment\u00e1rio que fez o deputado do PT, Rosemberg Pinto, em entrevista hoje por telefone a uma emissora de r\u00e1dio de Itapetinga, de poderia haver uma alian\u00e7a entre o PR de Itapetinga e o PT de Z\u00e9 Carlos Moura, caso o PR venha a se aliar ao PT na disputa pela prefeitura de Salvador.<\/p>\n<p>A negativa foi feita pela dire\u00e7\u00e3o do PR de Itapetinga, que tem como pr\u00e9-candidato a prefeito o m\u00e9dico Arnaldo Texeira, que j\u00e1 recebeu todo apoio do seu partido a n\u00edvel estadual para consolida\u00e7\u00e3o de uma candidatura independente em Itapetinga. Ali\u00e1s, em visita recente ao munic\u00edpio, o deputado Sandro R\u00e9gis destacou a import\u00e2ncia de Itapetinga para o partido e o respaldo que o nome do m\u00e9dico, ex-vereador e ex-deputado estadual Arnaldo Texeira tem da lideran\u00e7a do PR estadual. E como todos t\u00eam acompanhado h\u00e1 mais de um ano, o projeto do PR local, com Dr. Arnaldo Teixeira, \u00e9 totalmente contra a desastrosa administra\u00e7\u00e3o de Z\u00e9 Carlos Moura.<\/p>\n<p>Segundo a lideran\u00e7a do PR local, com esse coment\u00e1rio o deputado do PT est\u00e1 deliberadamente buscando manchar a imagem do Dr. Arnaldo, at\u00e9 mesmo porque deve ter informa\u00e7\u00f5es que o nome do\u00a0<strong>m\u00e9dico do povo,<\/strong>\u00a0como \u00e9 popularmente conhecido, \u00a0est\u00e1 crescendo na prefer\u00eancia popular.<\/p>\n<p><strong><em>Ascom PR<\/em><\/strong><\/p>\n","protected":false},"excerpt":{"rendered":"<p>&nbsp; N\u00e3o tem qualquer fundo de verdade coment\u00e1rio que fez o deputado do PT, Rosemberg Pinto, em entrevista hoje por telefone a uma emissora de r\u00e1dio de Itapetinga, de poderia haver uma alian\u00e7a entre o PR de Itapetinga e o PT de Z\u00e9 Carlos Moura, caso o PR venha a se aliar ao PT na [&hellip;]<\/p>\n","protected":false},"author":2,"featured_media":0,"comment_status":"open","ping_status":"open","sticky":false,"template":"","format":"standard","meta":{"footnotes":"","_links_to":"","_links_to_target":""},"categories":[1],"tags":[],"class_list":["post-16852","post","type-post","status-publish","format-standard","hentry","category-geral"],"views":1274,"_links":{"self":[{"href":"https:\/\/www.sudoestehoje.com.br\/novoportal\/wp-json\/wp\/v2\/posts\/16852","targetHints":{"allow":["GET"]}}],"collection":[{"href":"https:\/\/www.sudoestehoje.com.br\/novoportal\/wp-json\/wp\/v2\/posts"}],"about":[{"href":"https:\/\/www.sudoestehoje.com.br\/novoportal\/wp-json\/wp\/v2\/types\/post"}],"author":[{"embeddable":true,"href":"https:\/\/www.sudoestehoje.com.br\/novoportal\/wp-json\/wp\/v2\/users\/2"}],"replies":[{"embeddable":true,"href":"https:\/\/www.sudoestehoje.com.br\/novoportal\/wp-json\/wp\/v2\/comments?post=16852"}],"version-history":[{"count":3,"href":"https:\/\/www.sudoestehoje.com.br\/novoportal\/wp-json\/wp\/v2\/posts\/16852\/revisions"}],"predecessor-version":[{"id":16855,"href":"https:\/\/www.sudoestehoje.com.br\/novoportal\/wp-json\/wp\/v2\/posts\/16852\/revisions\/16855"}],"wp:attachment":[{"href":"https:\/\/www.sudoestehoje.com.br\/novoportal\/wp-json\/wp\/v2\/media?parent=16852"}],"wp:term":[{"taxonomy":"category","embeddable":true,"href":"https:\/\/www.sudoestehoje.com.br\/novoportal\/wp-json\/wp\/v2\/categories?post=16852"},{"taxonomy":"post_tag","embeddable":true,"href":"https:\/\/www.sudoestehoje.com.br\/novoportal\/wp-json\/wp\/v2\/tags?post=16852"}],"curies":[{"name":"wp","href":"https:\/\/api.w.org\/{rel}","templated":true}]}}