
{"id":16782,"date":"2012-06-09T20:43:57","date_gmt":"2012-06-09T23:43:57","guid":{"rendered":"http:\/\/www.sudoestehoje.com.br\/novoportal\/?p=16782"},"modified":"2012-06-09T21:19:47","modified_gmt":"2012-06-10T00:19:47","slug":"itapetinga-pt-decide-candidatura-a-prefeito-neste-domingo","status":"publish","type":"post","link":"https:\/\/www.sudoestehoje.com.br\/novoportal\/2012\/06\/09\/itapetinga-pt-decide-candidatura-a-prefeito-neste-domingo\/","title":{"rendered":"ITAPETINGA: PT DECIDE CANDIDATURA A PREFEITO NESTE DOMINGO"},"content":{"rendered":"<p><img decoding=\"async\" class=\"aligncenter\" src=\"http:\/\/www.sudoestehoje.com.br\/novoportal\/wp-content\/uploads\/2012\/04\/page2.jpg\" alt=\"\" \/><\/p>\n<p style=\"text-align: center;\"><em>O nome escolhido pelos petistas ter\u00e1 que ser homologado em conven\u00e7\u00e3o partid\u00e1ria<\/em><\/p>\n<p>Dividido em dois grupos, o do perfeito Z\u00e9 Carlos e o dos &#8216;hist\u00f3ricos&#8217; liderados por Miraldo Mota, o PT de Itapetinga deve decidir, neste domingo (10), o nome do seu candidato a prefeito para o pleito de outubro, atrav\u00e9s de consulta interna dos seus filiados e an\u00e1lise das pesquisas realizadas pelos dois grupos, na \u00faltima semana.<\/p>\n<p>Toda a celeuma a respeito da indica\u00e7\u00e3o do candidato petista teve origem na revolta dos petistas hist\u00f3ricos em rela\u00e7\u00e3o aos rumos tomados pela administra\u00e7\u00e3o do prefeito Z\u00e9 Carlos, que se envolveu em diversos esc\u00e2ndalos e den\u00fancias de malversa\u00e7\u00e3o de dinheiro p\u00fablico, culminando em uma CPI na C\u00e2mara de Vereadores. Como resultado da CPI, o prefeito Z\u00e9 Carlos responde a uma a\u00e7\u00e3o na justi\u00e7a por improbidade administrativa, com pedido de afastamento do cargo, promovida pelo Minist\u00e9rio P\u00fablico Estadual, al\u00e9m de diversas den\u00fancias protocoladas da CGU, Receita Federal, INSS e Procuradoria da Rep\u00fablica.<\/p>\n<p>Outra queixa dos petistas hist\u00f3ricos comandados por Miraldo Mota \u00e9 a manuten\u00e7\u00e3o de Zen\u00f3bio Cirqueira, irm\u00e3o de Z\u00e9 Carlos, e do assessor especial Israel Miranda, apontados como respons\u00e1veis pela contrata\u00e7\u00e3o da empresa Bernardo Vidal, piv\u00f4 da CPI na c\u00e2mara de vereadores, que desgastou enormemente o prefeito e o partido.<\/p>\n<p>Munidos de pesquisas de opini\u00e3o p\u00fablica, encomendadas por cada grupo, os petistas sentam \u00e0 mesa com uma certeza: a enorme rejei\u00e7\u00e3o ao prefeito Z\u00e9 Carlos e \u00e0 sua administra\u00e7\u00e3o, constatada nas duas pesquisas, inviabilizam qualquer projeto de continuidade no poder em Itapetinga. Isto, sem sobra de d\u00favidas, \u00e9 fato consumado.<\/p>\n<p><strong><em>Por Davi Ferraz\u00a0<\/em><\/strong><\/p>\n","protected":false},"excerpt":{"rendered":"<p>O nome escolhido pelos petistas ter\u00e1 que ser homologado em conven\u00e7\u00e3o partid\u00e1ria Dividido em dois grupos, o do perfeito Z\u00e9 Carlos e o dos &#8216;hist\u00f3ricos&#8217; liderados por Miraldo Mota, o PT de Itapetinga deve decidir, neste domingo (10), o nome do seu candidato a prefeito para o pleito de outubro, atrav\u00e9s de consulta interna dos [&hellip;]<\/p>\n","protected":false},"author":2,"featured_media":0,"comment_status":"open","ping_status":"open","sticky":false,"template":"","format":"standard","meta":{"footnotes":"","_links_to":"","_links_to_target":""},"categories":[1],"tags":[],"class_list":["post-16782","post","type-post","status-publish","format-standard","hentry","category-geral"],"views":1302,"_links":{"self":[{"href":"https:\/\/www.sudoestehoje.com.br\/novoportal\/wp-json\/wp\/v2\/posts\/16782","targetHints":{"allow":["GET"]}}],"collection":[{"href":"https:\/\/www.sudoestehoje.com.br\/novoportal\/wp-json\/wp\/v2\/posts"}],"about":[{"href":"https:\/\/www.sudoestehoje.com.br\/novoportal\/wp-json\/wp\/v2\/types\/post"}],"author":[{"embeddable":true,"href":"https:\/\/www.sudoestehoje.com.br\/novoportal\/wp-json\/wp\/v2\/users\/2"}],"replies":[{"embeddable":true,"href":"https:\/\/www.sudoestehoje.com.br\/novoportal\/wp-json\/wp\/v2\/comments?post=16782"}],"version-history":[{"count":6,"href":"https:\/\/www.sudoestehoje.com.br\/novoportal\/wp-json\/wp\/v2\/posts\/16782\/revisions"}],"predecessor-version":[{"id":16785,"href":"https:\/\/www.sudoestehoje.com.br\/novoportal\/wp-json\/wp\/v2\/posts\/16782\/revisions\/16785"}],"wp:attachment":[{"href":"https:\/\/www.sudoestehoje.com.br\/novoportal\/wp-json\/wp\/v2\/media?parent=16782"}],"wp:term":[{"taxonomy":"category","embeddable":true,"href":"https:\/\/www.sudoestehoje.com.br\/novoportal\/wp-json\/wp\/v2\/categories?post=16782"},{"taxonomy":"post_tag","embeddable":true,"href":"https:\/\/www.sudoestehoje.com.br\/novoportal\/wp-json\/wp\/v2\/tags?post=16782"}],"curies":[{"name":"wp","href":"https:\/\/api.w.org\/{rel}","templated":true}]}}