
{"id":16773,"date":"2012-06-08T23:20:07","date_gmt":"2012-06-09T02:20:07","guid":{"rendered":"http:\/\/www.sudoestehoje.com.br\/novoportal\/?p=16773"},"modified":"2012-06-08T23:20:07","modified_gmt":"2012-06-09T02:20:07","slug":"estado-tem-72-horas-para-pagar-salarios-dos-professores","status":"publish","type":"post","link":"https:\/\/www.sudoestehoje.com.br\/novoportal\/2012\/06\/08\/estado-tem-72-horas-para-pagar-salarios-dos-professores\/","title":{"rendered":"ESTADO TEM 72 HORAS PARA PAGAR SAL\u00c1RIOS DOS PROFESSORES"},"content":{"rendered":"<p><img loading=\"lazy\" decoding=\"async\" class=\"aligncenter\" src=\"http:\/\/lh6.ggpht.com\/-gdOcVUTQa0A\/Tms3AznbtgI\/AAAAAAAAcwo\/kKUPiXZ_kIg\/Pagamento-de-professores-em-greve-%2525C3%2525A9-garantido-pelo-STF%25255B2%25255D.jpg\" alt=\"\" width=\"400\" height=\"300\" \/><\/p>\n<p><em>Correio da Bahia<\/em><\/p>\n<p>O Supremo Tribunal Federal (STF) negou nesta sexta-feira (8) seguimento \u00e0 suspens\u00e3o de liminar da Procuradoria Geral do Esta\u00e7\u00e3o (PGE) e, com isso, manteve a decis\u00e3o da desembargadora L\u00edcia Laranjeira que\u00a0determina o pagamento do sal\u00e1rio cortado dos professores da rede estadual, em greve h\u00e1 59 dias. A decis\u00e3o foi publicada no site do STF.<\/p>\n<p>Segundo Rui Oliveira, do Sindicato dos Trabalhadores em Educa\u00e7\u00e3o do Estado da Bahia (APLB), o estado agora tem 72 horas para confirmar o pagamento dos sal\u00e1rios, que foram cortados em 18 de abril. Com a decis\u00e3o do STF de negar seguimento ao pedido, a suspens\u00e3o de liminar nem chegou a ser votada pelo Supremo.<!--more--><\/p>\n<p>De acordo com a PGE, o m\u00e9rito da liminar n\u00e3o foi julgado pelo STF, que recomendou que o recurso seja direcionado ao Superior Tribunal de Justi\u00e7a (STJ). O procurador geral do estado, Rui Moraes Cruz, informou que enviar\u00e1 j\u00e1 na manh\u00e3 de s\u00e1bado o recurso.<\/p>\n<p>A Procuradoria\u00a0recorreu da decis\u00e3o\u00a0do Tribunal de Justi\u00e7a da Bahia que determinava o pagamento dos sal\u00e1rios considerando-a \u201ccontradit\u00f3ria\u201d, j\u00e1 que a pr\u00f3pria Justi\u00e7a caracterizou a greve dos professores da rede estadual como ilegal, ainda no m\u00eas de abril.<\/p>\n<p>CONTRAPROPOSTA<\/p>\n<p><strong><\/strong>O comando de greve se re\u00fane no s\u00e1bado (9) para\u00a0elaborar uma contraproposta\u00a0 ao governo e tentar dar fim \u00e0 paralisa\u00e7\u00e3o. Hoje, eles se reuniram o arcebispo de Salvador e primaz do Brasil, Dom Murilo Krieger, pedindo que este interfira para que o governo volte \u00e0 mesa de negocia\u00e7\u00e3o.<\/p>\n","protected":false},"excerpt":{"rendered":"<p>Correio da Bahia O Supremo Tribunal Federal (STF) negou nesta sexta-feira (8) seguimento \u00e0 suspens\u00e3o de liminar da Procuradoria Geral do Esta\u00e7\u00e3o (PGE) e, com isso, manteve a decis\u00e3o da desembargadora L\u00edcia Laranjeira que\u00a0determina o pagamento do sal\u00e1rio cortado dos professores da rede estadual, em greve h\u00e1 59 dias. A decis\u00e3o foi publicada no site [&hellip;]<\/p>\n","protected":false},"author":2,"featured_media":0,"comment_status":"open","ping_status":"open","sticky":false,"template":"","format":"standard","meta":{"footnotes":"","_links_to":"","_links_to_target":""},"categories":[1],"tags":[],"class_list":["post-16773","post","type-post","status-publish","format-standard","hentry","category-geral"],"views":1279,"_links":{"self":[{"href":"https:\/\/www.sudoestehoje.com.br\/novoportal\/wp-json\/wp\/v2\/posts\/16773","targetHints":{"allow":["GET"]}}],"collection":[{"href":"https:\/\/www.sudoestehoje.com.br\/novoportal\/wp-json\/wp\/v2\/posts"}],"about":[{"href":"https:\/\/www.sudoestehoje.com.br\/novoportal\/wp-json\/wp\/v2\/types\/post"}],"author":[{"embeddable":true,"href":"https:\/\/www.sudoestehoje.com.br\/novoportal\/wp-json\/wp\/v2\/users\/2"}],"replies":[{"embeddable":true,"href":"https:\/\/www.sudoestehoje.com.br\/novoportal\/wp-json\/wp\/v2\/comments?post=16773"}],"version-history":[{"count":3,"href":"https:\/\/www.sudoestehoje.com.br\/novoportal\/wp-json\/wp\/v2\/posts\/16773\/revisions"}],"predecessor-version":[{"id":16776,"href":"https:\/\/www.sudoestehoje.com.br\/novoportal\/wp-json\/wp\/v2\/posts\/16773\/revisions\/16776"}],"wp:attachment":[{"href":"https:\/\/www.sudoestehoje.com.br\/novoportal\/wp-json\/wp\/v2\/media?parent=16773"}],"wp:term":[{"taxonomy":"category","embeddable":true,"href":"https:\/\/www.sudoestehoje.com.br\/novoportal\/wp-json\/wp\/v2\/categories?post=16773"},{"taxonomy":"post_tag","embeddable":true,"href":"https:\/\/www.sudoestehoje.com.br\/novoportal\/wp-json\/wp\/v2\/tags?post=16773"}],"curies":[{"name":"wp","href":"https:\/\/api.w.org\/{rel}","templated":true}]}}