
{"id":1676,"date":"2010-11-02T18:34:09","date_gmt":"2010-11-02T21:34:09","guid":{"rendered":"http:\/\/www.sudoestehoje.com.br\/novoportal\/?p=1676"},"modified":"2010-11-02T18:34:09","modified_gmt":"2010-11-02T21:34:09","slug":"pmdb-foi-excluido-da-1%c2%aa-reuniao-de-dilma","status":"publish","type":"post","link":"https:\/\/www.sudoestehoje.com.br\/novoportal\/2010\/11\/02\/pmdb-foi-excluido-da-1%c2%aa-reuniao-de-dilma\/","title":{"rendered":"PMDB foi excluido da 1\u00aa reuni\u00e3o de Dilma"},"content":{"rendered":"<p style=\"text-align: center;\"><img decoding=\"async\" src=\"http:\/\/i1.r7.com\/data\/files\/2C92\/94A3\/246D\/B02F\/0124\/74EB\/BF58\/4525\/Michel-Temer-m-20091021.jpg\" alt=\"\" \/><\/p>\n<p style=\"text-align: center;\"><strong>Michel Temer &#8216;chiou&#8217; e foi inclu\u00eddo na equipe de transi\u00e7\u00e3o<\/strong><\/p>\n<p>\u00a0<\/p>\n<p>O PMDB foi exclu\u00eddo da primeira reuni\u00e3o da presidente eleita, Dilma Rousseff (PT), realizada nesta segunda-feira (1\u00ba) de manh\u00e3 e \u00e0 tarde na casa da petista, no Lago Sul, bairro nobre de Bras\u00edlia. Na oportunidade foram escolhidos os primeiros nomes da equipe de transi\u00e7\u00e3o. Essa equipe ser\u00e1 comandada pelo presidente do PT, Jos\u00e9 Eduardo Dutra, e pelo ex-ministro Antonio Palocci. S\u00f3 foram convidados para a reuni\u00e3o com a presidente eleita os petistas mais pr\u00f3ximos e cada um recebeu a sua miss\u00e3o para a futura equipe de transi\u00e7\u00e3o. De acordo com o Estad\u00e3o, entre os peemedebistas notava-se um misto de decep\u00e7\u00e3o pela aus\u00eancia de um representante do partido na reuni\u00e3o com a presidente eleita. Para atenuar a crise, o presidente do PT, Jos\u00e9 Eduardo Dutra, ligou para o deputado Michel Temer (SP), presidente do PMDB e vice eleito na chapa de Dilma Rousseff, para convid\u00e1-lo a ter uma conversa, se poss\u00edvel nesta ter\u00e7a (2). Temer justificou que estava viajando para S\u00e3o Paulo e que eles poder\u00e3o conversar sempre. BN<\/p>\n","protected":false},"excerpt":{"rendered":"<p>Michel Temer &#8216;chiou&#8217; e foi inclu\u00eddo na equipe de transi\u00e7\u00e3o \u00a0 O PMDB foi exclu\u00eddo da primeira reuni\u00e3o da presidente eleita, Dilma Rousseff (PT), realizada nesta segunda-feira (1\u00ba) de manh\u00e3 e \u00e0 tarde na casa da petista, no Lago Sul, bairro nobre de Bras\u00edlia. Na oportunidade foram escolhidos os primeiros nomes da equipe de transi\u00e7\u00e3o. [&hellip;]<\/p>\n","protected":false},"author":2,"featured_media":0,"comment_status":"open","ping_status":"open","sticky":false,"template":"","format":"standard","meta":{"footnotes":"","_links_to":"","_links_to_target":""},"categories":[1],"tags":[],"class_list":["post-1676","post","type-post","status-publish","format-standard","hentry","category-geral"],"views":2610,"_links":{"self":[{"href":"https:\/\/www.sudoestehoje.com.br\/novoportal\/wp-json\/wp\/v2\/posts\/1676","targetHints":{"allow":["GET"]}}],"collection":[{"href":"https:\/\/www.sudoestehoje.com.br\/novoportal\/wp-json\/wp\/v2\/posts"}],"about":[{"href":"https:\/\/www.sudoestehoje.com.br\/novoportal\/wp-json\/wp\/v2\/types\/post"}],"author":[{"embeddable":true,"href":"https:\/\/www.sudoestehoje.com.br\/novoportal\/wp-json\/wp\/v2\/users\/2"}],"replies":[{"embeddable":true,"href":"https:\/\/www.sudoestehoje.com.br\/novoportal\/wp-json\/wp\/v2\/comments?post=1676"}],"version-history":[{"count":3,"href":"https:\/\/www.sudoestehoje.com.br\/novoportal\/wp-json\/wp\/v2\/posts\/1676\/revisions"}],"predecessor-version":[{"id":1679,"href":"https:\/\/www.sudoestehoje.com.br\/novoportal\/wp-json\/wp\/v2\/posts\/1676\/revisions\/1679"}],"wp:attachment":[{"href":"https:\/\/www.sudoestehoje.com.br\/novoportal\/wp-json\/wp\/v2\/media?parent=1676"}],"wp:term":[{"taxonomy":"category","embeddable":true,"href":"https:\/\/www.sudoestehoje.com.br\/novoportal\/wp-json\/wp\/v2\/categories?post=1676"},{"taxonomy":"post_tag","embeddable":true,"href":"https:\/\/www.sudoestehoje.com.br\/novoportal\/wp-json\/wp\/v2\/tags?post=1676"}],"curies":[{"name":"wp","href":"https:\/\/api.w.org\/{rel}","templated":true}]}}