
{"id":16740,"date":"2012-06-08T13:50:55","date_gmt":"2012-06-08T16:50:55","guid":{"rendered":"http:\/\/www.sudoestehoje.com.br\/novoportal\/?p=16740"},"modified":"2012-06-08T13:50:55","modified_gmt":"2012-06-08T16:50:55","slug":"tre-cassa-mais-6-vereadores-infieis","status":"publish","type":"post","link":"https:\/\/www.sudoestehoje.com.br\/novoportal\/2012\/06\/08\/tre-cassa-mais-6-vereadores-infieis\/","title":{"rendered":"TRE CASSA MAIS 6 VEREADORES INFI\u00c9IS"},"content":{"rendered":"<p style=\"text-align: center;\"><img decoding=\"async\" class=\"aligncenter\" src=\"http:\/\/www.dsvc.com.br\/wp-content\/uploads\/2012\/05\/Infidelidade2.jpg\" alt=\"\" width=\"400\" \/><\/p>\n<p>&nbsp;<\/p>\n<p>O Tribunal Regional Eleitoral na Bahia (TRE-BA) decretou a perda do cargo de seis vereadores de munic\u00edpios baianos por desfilia\u00e7\u00e3o sem justa causa. Perderam o cargo o vereador de Ilh\u00e9us, Valmir Freitas do Nascimento (ex-PP), de Itanagra, Luciano Rangel Batista de Oliveira (ex-DEM, atual PR); de Maetinga, Aben\u00eddio Lopes de Almeida (ex-DEM, atual PDT); de Belmonte, Hindenburgo Ramos da Paix\u00e3o (ex- PMN, atual PP) e Carlos Sim\u00f5es Cruz Neto (ex-PSL, atual PTB); e de Ibicara\u00ed Jos\u00e9 Elias de Souza Barros (ex-PRTB, atual PSDC).<\/p>\n<p>As a\u00e7\u00f5es foram ajuizadas pela Procuradoria Regional Eleitoral na Bahia (PRE-BA) e julgadas pelo TRE-BA no final de maio. De acordo com a Resolu\u00e7\u00e3o do Tribunal Superior Eleitoral n\u00ba 22.610\/0, os \u00fanicos crit\u00e9rios para desfilia\u00e7\u00e3o partid\u00e1ria por justa causa s\u00e3o a incorpora\u00e7\u00e3o, fus\u00e3o ou a cria\u00e7\u00e3o de novo partido, a mudan\u00e7a (ou desvio) do ide\u00e1rio pol\u00edtico em rela\u00e7\u00e3o ao programa partid\u00e1rio ou grave discrimina\u00e7\u00e3o pessoal.<\/p>\n<p>Com a perda do cargo eletivo dos vereadores, as C\u00e2maras Legislativas dos munic\u00edpios de Itanagra, Maetinga, Belmonte e de Ibicara\u00ed ter\u00e3o de empossar os respectivos suplentes dos partidos que os vereadores se desfiliaram. BN<\/p>\n","protected":false},"excerpt":{"rendered":"<p>&nbsp; O Tribunal Regional Eleitoral na Bahia (TRE-BA) decretou a perda do cargo de seis vereadores de munic\u00edpios baianos por desfilia\u00e7\u00e3o sem justa causa. Perderam o cargo o vereador de Ilh\u00e9us, Valmir Freitas do Nascimento (ex-PP), de Itanagra, Luciano Rangel Batista de Oliveira (ex-DEM, atual PR); de Maetinga, Aben\u00eddio Lopes de Almeida (ex-DEM, atual PDT); [&hellip;]<\/p>\n","protected":false},"author":2,"featured_media":0,"comment_status":"open","ping_status":"open","sticky":false,"template":"","format":"standard","meta":{"footnotes":"","_links_to":"","_links_to_target":""},"categories":[1],"tags":[],"class_list":["post-16740","post","type-post","status-publish","format-standard","hentry","category-geral"],"views":1185,"_links":{"self":[{"href":"https:\/\/www.sudoestehoje.com.br\/novoportal\/wp-json\/wp\/v2\/posts\/16740","targetHints":{"allow":["GET"]}}],"collection":[{"href":"https:\/\/www.sudoestehoje.com.br\/novoportal\/wp-json\/wp\/v2\/posts"}],"about":[{"href":"https:\/\/www.sudoestehoje.com.br\/novoportal\/wp-json\/wp\/v2\/types\/post"}],"author":[{"embeddable":true,"href":"https:\/\/www.sudoestehoje.com.br\/novoportal\/wp-json\/wp\/v2\/users\/2"}],"replies":[{"embeddable":true,"href":"https:\/\/www.sudoestehoje.com.br\/novoportal\/wp-json\/wp\/v2\/comments?post=16740"}],"version-history":[{"count":3,"href":"https:\/\/www.sudoestehoje.com.br\/novoportal\/wp-json\/wp\/v2\/posts\/16740\/revisions"}],"predecessor-version":[{"id":16743,"href":"https:\/\/www.sudoestehoje.com.br\/novoportal\/wp-json\/wp\/v2\/posts\/16740\/revisions\/16743"}],"wp:attachment":[{"href":"https:\/\/www.sudoestehoje.com.br\/novoportal\/wp-json\/wp\/v2\/media?parent=16740"}],"wp:term":[{"taxonomy":"category","embeddable":true,"href":"https:\/\/www.sudoestehoje.com.br\/novoportal\/wp-json\/wp\/v2\/categories?post=16740"},{"taxonomy":"post_tag","embeddable":true,"href":"https:\/\/www.sudoestehoje.com.br\/novoportal\/wp-json\/wp\/v2\/tags?post=16740"}],"curies":[{"name":"wp","href":"https:\/\/api.w.org\/{rel}","templated":true}]}}