
{"id":1665,"date":"2010-11-02T12:23:57","date_gmt":"2010-11-02T15:23:57","guid":{"rendered":"http:\/\/www.sudoestehoje.com.br\/novoportal\/?p=1665"},"modified":"2010-11-02T12:26:54","modified_gmt":"2010-11-02T15:26:54","slug":"finados-visitacao-aos-cemiterios-foi-maior-pela-manha","status":"publish","type":"post","link":"https:\/\/www.sudoestehoje.com.br\/novoportal\/2010\/11\/02\/finados-visitacao-aos-cemiterios-foi-maior-pela-manha\/","title":{"rendered":"Finados: Visita\u00e7\u00e3o aos cemit\u00e9rios foi maior pela manh\u00e3"},"content":{"rendered":"<p style=\"text-align: center;\"><a rel=\"attachment wp-att-1666\" href=\"http:\/\/www.sudoestehoje.com.br\/novoportal\/2010\/11\/02\/finados-visitacao-aos-cemiterios-foi-maior-pela-manha\/100_3874\/\"><img loading=\"lazy\" decoding=\"async\" class=\"size-medium wp-image-1666  aligncenter\" title=\"100_3874\" src=\"http:\/\/www.sudoestehoje.com.br\/novoportal\/wp-content\/uploads\/2010\/11\/100_3874-500x375.jpg\" alt=\"\" width=\"500\" height=\"375\" srcset=\"https:\/\/www.sudoestehoje.com.br\/novoportal\/wp-content\/uploads\/2010\/11\/100_3874-500x375.jpg 500w, https:\/\/www.sudoestehoje.com.br\/novoportal\/wp-content\/uploads\/2010\/11\/100_3874-1024x768.jpg 1024w\" sizes=\"auto, (max-width: 500px) 100vw, 500px\" \/><\/a><\/p>\n<p>\u00a0<\/p>\n<p>ITAPETINGA: Com o forte calor, neste\u00a0Dia de Finados, as pessoas se dirigiram aos cemit\u00e9rios no in\u00edcio da manh\u00e3, para prestarem homenagens aos seus familiares e amigos que j\u00e1 se foram.\u00a0Por volta das 11 da manh\u00e3, quando nossa reportagem visitou os cemit\u00e9rios locais, encontrou poucas pessoas, mas as marcas das visitas l\u00e1 estavam, em forma de vasos e buqu\u00eas de flores. As visitas\u00a0aos cemit\u00e9rios locais podem ser feitas at\u00e9 as 18:00h, como nos anos anteriores.<\/p>\n<p>Da Reda\u00e7\u00e3o<\/p>\n","protected":false},"excerpt":{"rendered":"<p>\u00a0 ITAPETINGA: Com o forte calor, neste\u00a0Dia de Finados, as pessoas se dirigiram aos cemit\u00e9rios no in\u00edcio da manh\u00e3, para prestarem homenagens aos seus familiares e amigos que j\u00e1 se foram.\u00a0Por volta das 11 da manh\u00e3, quando nossa reportagem visitou os cemit\u00e9rios locais, encontrou poucas pessoas, mas as marcas das visitas l\u00e1 estavam, em forma [&hellip;]<\/p>\n","protected":false},"author":2,"featured_media":0,"comment_status":"open","ping_status":"open","sticky":false,"template":"","format":"standard","meta":{"footnotes":"","_links_to":"","_links_to_target":""},"categories":[1],"tags":[],"class_list":["post-1665","post","type-post","status-publish","format-standard","hentry","category-geral"],"views":1079,"_links":{"self":[{"href":"https:\/\/www.sudoestehoje.com.br\/novoportal\/wp-json\/wp\/v2\/posts\/1665","targetHints":{"allow":["GET"]}}],"collection":[{"href":"https:\/\/www.sudoestehoje.com.br\/novoportal\/wp-json\/wp\/v2\/posts"}],"about":[{"href":"https:\/\/www.sudoestehoje.com.br\/novoportal\/wp-json\/wp\/v2\/types\/post"}],"author":[{"embeddable":true,"href":"https:\/\/www.sudoestehoje.com.br\/novoportal\/wp-json\/wp\/v2\/users\/2"}],"replies":[{"embeddable":true,"href":"https:\/\/www.sudoestehoje.com.br\/novoportal\/wp-json\/wp\/v2\/comments?post=1665"}],"version-history":[{"count":6,"href":"https:\/\/www.sudoestehoje.com.br\/novoportal\/wp-json\/wp\/v2\/posts\/1665\/revisions"}],"predecessor-version":[{"id":1672,"href":"https:\/\/www.sudoestehoje.com.br\/novoportal\/wp-json\/wp\/v2\/posts\/1665\/revisions\/1672"}],"wp:attachment":[{"href":"https:\/\/www.sudoestehoje.com.br\/novoportal\/wp-json\/wp\/v2\/media?parent=1665"}],"wp:term":[{"taxonomy":"category","embeddable":true,"href":"https:\/\/www.sudoestehoje.com.br\/novoportal\/wp-json\/wp\/v2\/categories?post=1665"},{"taxonomy":"post_tag","embeddable":true,"href":"https:\/\/www.sudoestehoje.com.br\/novoportal\/wp-json\/wp\/v2\/tags?post=1665"}],"curies":[{"name":"wp","href":"https:\/\/api.w.org\/{rel}","templated":true}]}}