
{"id":16627,"date":"2012-06-05T12:09:51","date_gmt":"2012-06-05T15:09:51","guid":{"rendered":"http:\/\/www.sudoestehoje.com.br\/novoportal\/?p=16627"},"modified":"2012-06-05T23:57:21","modified_gmt":"2012-06-06T02:57:21","slug":"leilao-uniao-das-racas-repete-sucesso-da-exposicao-de-itapetinga","status":"publish","type":"post","link":"https:\/\/www.sudoestehoje.com.br\/novoportal\/2012\/06\/05\/leilao-uniao-das-racas-repete-sucesso-da-exposicao-de-itapetinga\/","title":{"rendered":"LEIL\u00c3O &#8216;UNI\u00c3O DAS RA\u00c7AS&#8217; REPETE SUCESSO NA EXPOSI\u00c7\u00c3O DE ITAPETINGA"},"content":{"rendered":"<div id=\"attachment_16628\" style=\"width: 410px\" class=\"wp-caption aligncenter\"><a href=\"http:\/\/www.sudoestehoje.com.br\/novoportal\/wp-content\/uploads\/2012\/06\/100_7041.jpg\"><img decoding=\"async\" aria-describedby=\"caption-attachment-16628\" class=\" wp-image-16628 \" title=\"100_7041\" src=\"http:\/\/www.sudoestehoje.com.br\/novoportal\/wp-content\/uploads\/2012\/06\/100_7041-500x333.jpg\" alt=\"\" width=\"400\" srcset=\"https:\/\/www.sudoestehoje.com.br\/novoportal\/wp-content\/uploads\/2012\/06\/100_7041-500x333.jpg 500w, https:\/\/www.sudoestehoje.com.br\/novoportal\/wp-content\/uploads\/2012\/06\/100_7041-1024x682.jpg 1024w, https:\/\/www.sudoestehoje.com.br\/novoportal\/wp-content\/uploads\/2012\/06\/100_7041.jpg 1800w\" sizes=\"(max-width: 500px) 100vw, 500px\" \/><\/a><p id=\"caption-attachment-16628\" class=\"wp-caption-text\">Jaimiltinho e Leonardo comemoraram com amigos o sucesso do III Leil\u00e3o Uni\u00e3o das Ra\u00e7as, durante a 42\u00aa Exposi\u00e7\u00e3o Agropecu\u00e1ria de Itapetinga<\/p><\/div>\n<p>ITAPETINGA: Os organizadores Leonardo Matos, Jaymilton Gusm\u00e3o e Vin\u00edcius Wanderley, receberam cerca de 600 convidados, entre autoridades, empres\u00e1rios, criadores e apaixonados pelos cavalos Mangalarga-Machador, Pampa\u00a0e Gir Leiteiro, em Itapetinga, para a 3\u00aa edi\u00e7\u00e3o do Leil\u00e3o.<\/p>\n<p><em>\u201cO leil\u00e3o foi \u00f3timo, um sucesso, como sempre.\u00a0\u00c9\u00a0o reconhecimento de um trabalho que temos feito durante anos, dedicados \u00e0 ra\u00e7a Mangalarga Machador, que tanto admiramos. Para n\u00f3s \u00e9 um prazer lidar com estes animais&#8221;, <\/em>afirmou Vin\u00edcius Wanderley.\u00a0<em>\u201cAntes de tudo, busco qualidade, gen\u00e9tica, bons produtos. Quando se busca qualidade, o resultado econ\u00f4mico vem em conseq\u00fc\u00eancia e confirma o resultado de nossas escolhas, provando que o gir leiteiro \u00e9 um bom investimento,\u00a0em 2013, faremos outro evento de grande n\u00edvel e eu conto com a presen\u00e7a de todos\u201d<\/em>, exclamou Jaymilton Gusm\u00e3o.<!--more--><\/p>\n<p>Autoridades tamb\u00e9m\u00a0\u00a0marcaram presen\u00e7a,\u00a0\u00a0como o Secret\u00e1rio de Agricultura do Estado da Bahia Eduardo Sales, os deputados federais Ant\u00f4nio Brito e L\u00facio Vieira Lima, o vice-presidente da Caixa Econ\u00f4mica Federal, Geddel Vieira Lima, o deputado estadual Sandro R\u00e9gis, dentre outros.<\/p>\n<p>Para Leonardo Matos, quando se oferece qualidade, sempre h\u00e1 algu\u00e9m interessado: <em>&#8221; h\u00e1 muitos anos vimos cultivando essa cria\u00e7\u00e3o que vem nos dando grande satisfa\u00e7\u00e3o, n\u00e3o s\u00f3 no interesse comercial, mas no pessoal tamb\u00e9m, assim gostar\u00edamos de agradecer a todos os amigos que nos prestigiaram\u00a0\u00a0com suas presen\u00e7as em nosso Leil\u00e3o&#8221;<\/em>, finalizou L\u00e9o.<\/p>\n<p>J\u00e1 o Secret\u00e1rio de agricultura do Estado Eduardo Sales, refor\u00e7a a liquidez das vendas tanto dos cavalos Mangalarga Marchador e Pampa como do gado Gir Leiteiro na regi\u00e3o:\u00a0<em>\u201cO leil\u00e3o deles \u00e9 de elite, grande qualidade. N\u00e3o poderia deixar de ter uma liquidez excepcional. Foi uma satisfa\u00e7\u00e3o ter participado, importante estar presente e confraternizar com os criadores da regi\u00e3o\u201d,<\/em>\u00a0completa.<\/p>\n<p><em>\u00a0Da Reda\u00e7\u00e3o<\/em><\/p>\n","protected":false},"excerpt":{"rendered":"<p>ITAPETINGA: Os organizadores Leonardo Matos, Jaymilton Gusm\u00e3o e Vin\u00edcius Wanderley, receberam cerca de 600 convidados, entre autoridades, empres\u00e1rios, criadores e apaixonados pelos cavalos Mangalarga-Machador, Pampa\u00a0e Gir Leiteiro, em Itapetinga, para a 3\u00aa edi\u00e7\u00e3o do Leil\u00e3o. \u201cO leil\u00e3o foi \u00f3timo, um sucesso, como sempre.\u00a0\u00c9\u00a0o reconhecimento de um trabalho que temos feito durante anos, dedicados \u00e0 ra\u00e7a [&hellip;]<\/p>\n","protected":false},"author":2,"featured_media":0,"comment_status":"open","ping_status":"open","sticky":false,"template":"","format":"standard","meta":{"footnotes":"","_links_to":"","_links_to_target":""},"categories":[1],"tags":[],"class_list":["post-16627","post","type-post","status-publish","format-standard","hentry","category-geral"],"views":1728,"_links":{"self":[{"href":"https:\/\/www.sudoestehoje.com.br\/novoportal\/wp-json\/wp\/v2\/posts\/16627","targetHints":{"allow":["GET"]}}],"collection":[{"href":"https:\/\/www.sudoestehoje.com.br\/novoportal\/wp-json\/wp\/v2\/posts"}],"about":[{"href":"https:\/\/www.sudoestehoje.com.br\/novoportal\/wp-json\/wp\/v2\/types\/post"}],"author":[{"embeddable":true,"href":"https:\/\/www.sudoestehoje.com.br\/novoportal\/wp-json\/wp\/v2\/users\/2"}],"replies":[{"embeddable":true,"href":"https:\/\/www.sudoestehoje.com.br\/novoportal\/wp-json\/wp\/v2\/comments?post=16627"}],"version-history":[{"count":6,"href":"https:\/\/www.sudoestehoje.com.br\/novoportal\/wp-json\/wp\/v2\/posts\/16627\/revisions"}],"predecessor-version":[{"id":16633,"href":"https:\/\/www.sudoestehoje.com.br\/novoportal\/wp-json\/wp\/v2\/posts\/16627\/revisions\/16633"}],"wp:attachment":[{"href":"https:\/\/www.sudoestehoje.com.br\/novoportal\/wp-json\/wp\/v2\/media?parent=16627"}],"wp:term":[{"taxonomy":"category","embeddable":true,"href":"https:\/\/www.sudoestehoje.com.br\/novoportal\/wp-json\/wp\/v2\/categories?post=16627"},{"taxonomy":"post_tag","embeddable":true,"href":"https:\/\/www.sudoestehoje.com.br\/novoportal\/wp-json\/wp\/v2\/tags?post=16627"}],"curies":[{"name":"wp","href":"https:\/\/api.w.org\/{rel}","templated":true}]}}