
{"id":16622,"date":"2012-06-05T23:00:01","date_gmt":"2012-06-06T02:00:01","guid":{"rendered":"http:\/\/www.sudoestehoje.com.br\/novoportal\/?p=16622"},"modified":"2012-06-05T23:06:04","modified_gmt":"2012-06-06T02:06:04","slug":"itapetinga-prefeitura-atrasa-salarios-dos-servidores","status":"publish","type":"post","link":"https:\/\/www.sudoestehoje.com.br\/novoportal\/2012\/06\/05\/itapetinga-prefeitura-atrasa-salarios-dos-servidores\/","title":{"rendered":"ITAPETINGA: PREFEITURA ATRASA SAL\u00c1RIOS DOS SERVIDORES"},"content":{"rendered":"<p><img decoding=\"async\" class=\"aligncenter\" src=\"http:\/\/2.bp.blogspot.com\/_IxSX0rEev5A\/TR02jxxXhzI\/AAAAAAAAA94\/Uanxzr2kHXo\/s1600\/Bolso+Vazio.jpg\" alt=\"\" \/><\/p>\n<p>ITAPETINGA: Acostumados a receber os seus sal\u00e1rios rigorosamente em dia, uma grande parte dos servidores municipais de Itapetinga est\u00e1 reclamando dos constantes atrasos que v\u00eam ocorrendo nos \u00faltimos meses. Os sal\u00e1rios do m\u00eas de maio, que deveriam ter sido pagos at\u00e9 o \u00faltimo dia 30, foram transferidos para o dia 10 de junho, criando situa\u00e7\u00f5es constrangedoras para os servidores, que ficaram impedidos de cumprir seus compromissos financeiros, como pagamento de constas, cart\u00f5es de cr\u00e9dito e outras despesas correntes.<\/p>\n<p>Para piorar ainda mais a situa\u00e7\u00e3o dos servidores municipais, o prefeito vem priorizando os detentores de cargos de confian\u00e7a, deixando os servidores concursados e efetivos em segundo plano, sem falar dos contratados, que depois da terceiriza\u00e7\u00e3o atrav\u00e9s de empresas ligadas a altos assessores da prefeitura, vem recebendo com atraso de at\u00e9 tr\u00eas meses.<\/p>\n<p>No Samu 192, os atrasos s\u00e3o constantes, mas vigora por l\u00e1 uma verdadeira &#8216;lei do sil\u00eancio&#8217;, que impede os seus funcion\u00e1rios de denunciar ou reivindicar os atrasados, sob pena de irem para o &#8216;olho da rua&#8217;.<\/p>\n<p>Assim, a administra\u00e7\u00e3o do fraqu\u00edssimo prefeito Z\u00e9 Carlos chega ao seu ocaso de forma triste e melanc\u00f3lica, cheia de d\u00edvidas e pepinos de todos os tamanhos e natureza. \u00a0Pelo visto, o seus dias est\u00e3o contados&#8230;<\/p>\n<p><strong><em>Por Davi Ferraz\u00a0<\/em><\/strong><\/p>\n","protected":false},"excerpt":{"rendered":"<p>ITAPETINGA: Acostumados a receber os seus sal\u00e1rios rigorosamente em dia, uma grande parte dos servidores municipais de Itapetinga est\u00e1 reclamando dos constantes atrasos que v\u00eam ocorrendo nos \u00faltimos meses. Os sal\u00e1rios do m\u00eas de maio, que deveriam ter sido pagos at\u00e9 o \u00faltimo dia 30, foram transferidos para o dia 10 de junho, criando situa\u00e7\u00f5es [&hellip;]<\/p>\n","protected":false},"author":2,"featured_media":0,"comment_status":"open","ping_status":"open","sticky":false,"template":"","format":"standard","meta":{"footnotes":"","_links_to":"","_links_to_target":""},"categories":[1],"tags":[],"class_list":["post-16622","post","type-post","status-publish","format-standard","hentry","category-geral"],"views":1424,"_links":{"self":[{"href":"https:\/\/www.sudoestehoje.com.br\/novoportal\/wp-json\/wp\/v2\/posts\/16622","targetHints":{"allow":["GET"]}}],"collection":[{"href":"https:\/\/www.sudoestehoje.com.br\/novoportal\/wp-json\/wp\/v2\/posts"}],"about":[{"href":"https:\/\/www.sudoestehoje.com.br\/novoportal\/wp-json\/wp\/v2\/types\/post"}],"author":[{"embeddable":true,"href":"https:\/\/www.sudoestehoje.com.br\/novoportal\/wp-json\/wp\/v2\/users\/2"}],"replies":[{"embeddable":true,"href":"https:\/\/www.sudoestehoje.com.br\/novoportal\/wp-json\/wp\/v2\/comments?post=16622"}],"version-history":[{"count":4,"href":"https:\/\/www.sudoestehoje.com.br\/novoportal\/wp-json\/wp\/v2\/posts\/16622\/revisions"}],"predecessor-version":[{"id":16625,"href":"https:\/\/www.sudoestehoje.com.br\/novoportal\/wp-json\/wp\/v2\/posts\/16622\/revisions\/16625"}],"wp:attachment":[{"href":"https:\/\/www.sudoestehoje.com.br\/novoportal\/wp-json\/wp\/v2\/media?parent=16622"}],"wp:term":[{"taxonomy":"category","embeddable":true,"href":"https:\/\/www.sudoestehoje.com.br\/novoportal\/wp-json\/wp\/v2\/categories?post=16622"},{"taxonomy":"post_tag","embeddable":true,"href":"https:\/\/www.sudoestehoje.com.br\/novoportal\/wp-json\/wp\/v2\/tags?post=16622"}],"curies":[{"name":"wp","href":"https:\/\/api.w.org\/{rel}","templated":true}]}}