
{"id":16617,"date":"2012-06-05T12:10:09","date_gmt":"2012-06-05T15:10:09","guid":{"rendered":"http:\/\/www.sudoestehoje.com.br\/novoportal\/?p=16617"},"modified":"2012-06-05T12:10:09","modified_gmt":"2012-06-05T15:10:09","slug":"greve-continua-proposta-de-wagner-nao-seduziu-os-professores","status":"publish","type":"post","link":"https:\/\/www.sudoestehoje.com.br\/novoportal\/2012\/06\/05\/greve-continua-proposta-de-wagner-nao-seduziu-os-professores\/","title":{"rendered":"GREVE CONTINUA: PROPOSTA DE WAGNER N\u00c3O &#8216;SEDUZIU&#8217; OS PROFESSORES"},"content":{"rendered":"<p><img decoding=\"async\" class=\"aligncenter\" src=\"http:\/\/www.bahianoticias.com.br\/fotos\/principal_noticias\/117180\/IMAGEM_NOTICIA_5.jpg\" alt=\"Aos gritos de \u2018sem piso, na sala eu n\u00e3o piso\u2019, 2 mil professores fazem barulho na Secretaria de Educa\u00e7\u00e3o; greve deve ser mantida\" width=\"400\" \/><\/p>\n<p style=\"text-align: center;\"><em>Professores decidiram manter greve por unanimidade\u00a0<\/em><\/p>\n<p>&nbsp;<\/p>\n<p>Os professores da rede estadual de ensino da Bahia decidiram manter a greve da categoria em assembleia realizada na manh\u00e3 desta ter\u00e7a-feira, em frente \u00e0 Secretaria de Educa\u00e7\u00e3o em Salvador. A paralisa\u00e7\u00e3o j\u00e1 dura 56 dias.\u00a0A decis\u00e3o foi tomada um dia depois da realiza\u00e7\u00e3o de uma reuni\u00e3o entre representantes do Sindicato dos Professores (APLB-BA) e o secret\u00e1rio de Administra\u00e7\u00e3o do Estado, Manoel Vit\u00f3rio, contando com a intermedia\u00e7\u00e3o do Minist\u00e9rio P\u00fablico. Os participantes discutiram a reabertura das negocia\u00e7\u00f5es pelo governador Jaques Wagner na segunda-feira, quando foi proposto um reajuste entre 22% e 26% em novembro deste ano e abril de 2013 em forma de progress\u00e3o na carreira.\u00a0\u201dA proposta que foi apresentada ontem ainda n\u00e3o \u00e9 de acordo com o que n\u00f3s queremos. Estamos aguardando o governo nos enviar uma nova proposta, reformulada, que atenda todas as quest\u00f5es da categoria\u201d, pontua Rui Oliveira, presidente do sindicato dos professores.\u00a0\u201dO problema dessa proposta \u00e9 que ela n\u00e3o contempla todos os professores, excluindo os aposentados e os em estado probat\u00f3rio [rec\u00e9m concursados]\u201c, avalia Marilene Betros, vice-coordenadora do sindicato. Leia mais no\u00a0<a href=\"http:\/\/g1.globo.com\/bahia\/noticia\/2012\/06\/um-dia-apos-receberem-proposta-professores-mantem-greve-na-bahia.html\" target=\"_blank\">G1<\/a>.<\/p>\n","protected":false},"excerpt":{"rendered":"<p>Professores decidiram manter greve por unanimidade\u00a0 &nbsp; Os professores da rede estadual de ensino da Bahia decidiram manter a greve da categoria em assembleia realizada na manh\u00e3 desta ter\u00e7a-feira, em frente \u00e0 Secretaria de Educa\u00e7\u00e3o em Salvador. A paralisa\u00e7\u00e3o j\u00e1 dura 56 dias.\u00a0A decis\u00e3o foi tomada um dia depois da realiza\u00e7\u00e3o de uma reuni\u00e3o entre [&hellip;]<\/p>\n","protected":false},"author":2,"featured_media":0,"comment_status":"open","ping_status":"open","sticky":false,"template":"","format":"standard","meta":{"footnotes":"","_links_to":"","_links_to_target":""},"categories":[1],"tags":[],"class_list":["post-16617","post","type-post","status-publish","format-standard","hentry","category-geral"],"views":1173,"_links":{"self":[{"href":"https:\/\/www.sudoestehoje.com.br\/novoportal\/wp-json\/wp\/v2\/posts\/16617","targetHints":{"allow":["GET"]}}],"collection":[{"href":"https:\/\/www.sudoestehoje.com.br\/novoportal\/wp-json\/wp\/v2\/posts"}],"about":[{"href":"https:\/\/www.sudoestehoje.com.br\/novoportal\/wp-json\/wp\/v2\/types\/post"}],"author":[{"embeddable":true,"href":"https:\/\/www.sudoestehoje.com.br\/novoportal\/wp-json\/wp\/v2\/users\/2"}],"replies":[{"embeddable":true,"href":"https:\/\/www.sudoestehoje.com.br\/novoportal\/wp-json\/wp\/v2\/comments?post=16617"}],"version-history":[{"count":3,"href":"https:\/\/www.sudoestehoje.com.br\/novoportal\/wp-json\/wp\/v2\/posts\/16617\/revisions"}],"predecessor-version":[{"id":16620,"href":"https:\/\/www.sudoestehoje.com.br\/novoportal\/wp-json\/wp\/v2\/posts\/16617\/revisions\/16620"}],"wp:attachment":[{"href":"https:\/\/www.sudoestehoje.com.br\/novoportal\/wp-json\/wp\/v2\/media?parent=16617"}],"wp:term":[{"taxonomy":"category","embeddable":true,"href":"https:\/\/www.sudoestehoje.com.br\/novoportal\/wp-json\/wp\/v2\/categories?post=16617"},{"taxonomy":"post_tag","embeddable":true,"href":"https:\/\/www.sudoestehoje.com.br\/novoportal\/wp-json\/wp\/v2\/tags?post=16617"}],"curies":[{"name":"wp","href":"https:\/\/api.w.org\/{rel}","templated":true}]}}