
{"id":16608,"date":"2012-06-04T23:22:25","date_gmt":"2012-06-05T02:22:25","guid":{"rendered":"http:\/\/www.sudoestehoje.com.br\/novoportal\/?p=16608"},"modified":"2012-06-05T00:21:18","modified_gmt":"2012-06-05T03:21:18","slug":"itapetinga-oposicoes-dao-passo-decisivo-para-a-uniao","status":"publish","type":"post","link":"https:\/\/www.sudoestehoje.com.br\/novoportal\/2012\/06\/04\/itapetinga-oposicoes-dao-passo-decisivo-para-a-uniao\/","title":{"rendered":"ITAPETINGA: PESQUISA ESCOLHER\u00c1 CANDIDATO DAS OPOSI\u00c7\u00d5ES"},"content":{"rendered":"<p><img decoding=\"async\" class=\"aligncenter\" src=\"http:\/\/falaitapetinga.hospedagemdesites.ws\/wp-content\/uploads\/2012\/06\/dsc_4267.jpg\" alt=\"\" width=\"500\" \/><\/p>\n<p style=\"text-align: center;\"><em>Pr\u00e9-candidatos toparam escolha atrav\u00e9s de pesquisa. O mais votado ser\u00e1 cabe\u00e7a de chapa<\/em><\/p>\n<p>&nbsp;<\/p>\n<p>ITAPETINGA: Depois de muitas idas e vindas, os partidos de oposi\u00e7\u00e3o de Itapetinga decidiram, na tarde desta segunda-feira, que marchar\u00e3o juntos nas pr\u00f3ximas elei\u00e7\u00f5es. \u00a0No hist\u00f3rico encontro realizado na C\u00e2mara de Vereadores, PMDB, PR, DEM, PSB, PCdoB, PV, PSDC e PTdoB fecharam um acordo para escolha da chapa majorit\u00e1ria atrav\u00e9s de uma pesquisa popular, que indicar\u00e1 o nome do candidato a prefeito oposicionista para as elei\u00e7\u00f5es de outubro. A escolha do instituto de pesquisa e os crit\u00e9rios a serem utilizados na consulta ser\u00e3o decididos por representantes dos partidos, em reuni\u00e3o que ser\u00e1 realizada nesta ter\u00e7a-feira.<\/p>\n<p>Com esta uni\u00e3o, os oposicionistas d\u00e3o um passo decisivo para a retomada do poder em Itapetinga, com grandes possibilidades de vit\u00f3ria, considerando o enorme desgaste e rejei\u00e7\u00e3o enfrentados pelo atual prefeito, o petista Jos\u00e9 Carlos Moura.<\/p>\n<p><strong><em>Por DAVI FERRAZ<\/em><\/strong><\/p>\n<p>&nbsp;<\/p>\n","protected":false},"excerpt":{"rendered":"<p>Pr\u00e9-candidatos toparam escolha atrav\u00e9s de pesquisa. O mais votado ser\u00e1 cabe\u00e7a de chapa &nbsp; ITAPETINGA: Depois de muitas idas e vindas, os partidos de oposi\u00e7\u00e3o de Itapetinga decidiram, na tarde desta segunda-feira, que marchar\u00e3o juntos nas pr\u00f3ximas elei\u00e7\u00f5es. \u00a0No hist\u00f3rico encontro realizado na C\u00e2mara de Vereadores, PMDB, PR, DEM, PSB, PCdoB, PV, PSDC e PTdoB [&hellip;]<\/p>\n","protected":false},"author":2,"featured_media":0,"comment_status":"open","ping_status":"open","sticky":false,"template":"","format":"standard","meta":{"footnotes":"","_links_to":"","_links_to_target":""},"categories":[1],"tags":[],"class_list":["post-16608","post","type-post","status-publish","format-standard","hentry","category-geral"],"views":1191,"_links":{"self":[{"href":"https:\/\/www.sudoestehoje.com.br\/novoportal\/wp-json\/wp\/v2\/posts\/16608","targetHints":{"allow":["GET"]}}],"collection":[{"href":"https:\/\/www.sudoestehoje.com.br\/novoportal\/wp-json\/wp\/v2\/posts"}],"about":[{"href":"https:\/\/www.sudoestehoje.com.br\/novoportal\/wp-json\/wp\/v2\/types\/post"}],"author":[{"embeddable":true,"href":"https:\/\/www.sudoestehoje.com.br\/novoportal\/wp-json\/wp\/v2\/users\/2"}],"replies":[{"embeddable":true,"href":"https:\/\/www.sudoestehoje.com.br\/novoportal\/wp-json\/wp\/v2\/comments?post=16608"}],"version-history":[{"count":7,"href":"https:\/\/www.sudoestehoje.com.br\/novoportal\/wp-json\/wp\/v2\/posts\/16608\/revisions"}],"predecessor-version":[{"id":16612,"href":"https:\/\/www.sudoestehoje.com.br\/novoportal\/wp-json\/wp\/v2\/posts\/16608\/revisions\/16612"}],"wp:attachment":[{"href":"https:\/\/www.sudoestehoje.com.br\/novoportal\/wp-json\/wp\/v2\/media?parent=16608"}],"wp:term":[{"taxonomy":"category","embeddable":true,"href":"https:\/\/www.sudoestehoje.com.br\/novoportal\/wp-json\/wp\/v2\/categories?post=16608"},{"taxonomy":"post_tag","embeddable":true,"href":"https:\/\/www.sudoestehoje.com.br\/novoportal\/wp-json\/wp\/v2\/tags?post=16608"}],"curies":[{"name":"wp","href":"https:\/\/api.w.org\/{rel}","templated":true}]}}