
{"id":166,"date":"2010-09-07T22:03:51","date_gmt":"2010-09-08T01:03:51","guid":{"rendered":"http:\/\/sudoestehoje.tempsite.ws\/novoportal\/?p=166"},"modified":"2010-09-18T13:07:25","modified_gmt":"2010-09-18T16:07:25","slug":"juliano-matos-participa-de-cavalgada-em-itapetinga","status":"publish","type":"post","link":"https:\/\/www.sudoestehoje.com.br\/novoportal\/2010\/09\/07\/juliano-matos-participa-de-cavalgada-em-itapetinga\/","title":{"rendered":"JULIANO MATOS PARTICIPA DE CAVALGADA EM ITAPETINGA"},"content":{"rendered":"<div>\n<div style=\"text-align: center;\"><img loading=\"lazy\" decoding=\"async\" src=\"http:\/\/www.sudoestehoje.com.br\/web\/images\/stories\/juliano_matos2.jpg\" border=\"0\" alt=\"\" width=\"450\" height=\"450\" \/><\/div>\n<div>Juliano Matos (PV) ao lado de &#8216;Jacar\u00e9&#8217; (1\u00aa foto)<\/div>\n<p>O  candidato a deputado federal pelo PV, Juliano Matos, esteve em  Itapetinga, neste domindo (05), participando de uma grande cavalgada  organizada pelo popular &#8216;Jacar\u00e9&#8217;. Depois de percorrer algumas ruas da  cidade, a cavalgada continuou pela zona rural do munic\u00edpio, atravessando  o rio Catol\u00e9, no antigo &#8216;Enfeza Home&#8217;. Juliano mostrou disposi\u00e7\u00e3o e  deixou o seu tio Crec\u00eancio Andrade radiante e otimista com o seu  desempenho eleitoral em Itapetinga e regi\u00e3o.<\/p>\n<p>Davi Ferraz<\/p>\n<\/div>\n","protected":false},"excerpt":{"rendered":"<p>Juliano Matos (PV) ao lado de &#8216;Jacar\u00e9&#8217; (1\u00aa foto) O candidato a deputado federal pelo PV, Juliano Matos, esteve em Itapetinga, neste domindo (05), participando de uma grande cavalgada organizada pelo popular &#8216;Jacar\u00e9&#8217;. Depois de percorrer algumas ruas da cidade, a cavalgada continuou pela zona rural do munic\u00edpio, atravessando o rio Catol\u00e9, no antigo &#8216;Enfeza [&hellip;]<\/p>\n","protected":false},"author":1,"featured_media":0,"comment_status":"open","ping_status":"open","sticky":false,"template":"","format":"standard","meta":{"footnotes":"","_links_to":"","_links_to_target":""},"categories":[14,4],"tags":[],"class_list":["post-166","post","type-post","status-publish","format-standard","hentry","category-bahia","category-politica"],"views":1349,"_links":{"self":[{"href":"https:\/\/www.sudoestehoje.com.br\/novoportal\/wp-json\/wp\/v2\/posts\/166","targetHints":{"allow":["GET"]}}],"collection":[{"href":"https:\/\/www.sudoestehoje.com.br\/novoportal\/wp-json\/wp\/v2\/posts"}],"about":[{"href":"https:\/\/www.sudoestehoje.com.br\/novoportal\/wp-json\/wp\/v2\/types\/post"}],"author":[{"embeddable":true,"href":"https:\/\/www.sudoestehoje.com.br\/novoportal\/wp-json\/wp\/v2\/users\/1"}],"replies":[{"embeddable":true,"href":"https:\/\/www.sudoestehoje.com.br\/novoportal\/wp-json\/wp\/v2\/comments?post=166"}],"version-history":[{"count":1,"href":"https:\/\/www.sudoestehoje.com.br\/novoportal\/wp-json\/wp\/v2\/posts\/166\/revisions"}],"predecessor-version":[{"id":167,"href":"https:\/\/www.sudoestehoje.com.br\/novoportal\/wp-json\/wp\/v2\/posts\/166\/revisions\/167"}],"wp:attachment":[{"href":"https:\/\/www.sudoestehoje.com.br\/novoportal\/wp-json\/wp\/v2\/media?parent=166"}],"wp:term":[{"taxonomy":"category","embeddable":true,"href":"https:\/\/www.sudoestehoje.com.br\/novoportal\/wp-json\/wp\/v2\/categories?post=166"},{"taxonomy":"post_tag","embeddable":true,"href":"https:\/\/www.sudoestehoje.com.br\/novoportal\/wp-json\/wp\/v2\/tags?post=166"}],"curies":[{"name":"wp","href":"https:\/\/api.w.org\/{rel}","templated":true}]}}