
{"id":16574,"date":"2012-06-04T13:21:03","date_gmt":"2012-06-04T16:21:03","guid":{"rendered":"http:\/\/www.sudoestehoje.com.br\/novoportal\/?p=16574"},"modified":"2012-06-04T13:26:17","modified_gmt":"2012-06-04T16:26:17","slug":"itapetinga-geddel-confirma-candidatura-de-katia-pelo-pmdb","status":"publish","type":"post","link":"https:\/\/www.sudoestehoje.com.br\/novoportal\/2012\/06\/04\/itapetinga-geddel-confirma-candidatura-de-katia-pelo-pmdb\/","title":{"rendered":"ITAPETINGA: GEDDEL CONFIRMA CANDIDATURA DE K\u00c1TIA PELO PMDB"},"content":{"rendered":"<p><img decoding=\"async\" class=\"aligncenter\" src=\"http:\/\/2.bp.blogspot.com\/-5CGmUUFH-Wo\/T8vOb_Y7BzI\/AAAAAAAAMog\/iKNm-G_klj8\/s320\/DSC01382.JPG\" alt=\"\" width=\"400\" \/><\/p>\n<p style=\"text-align: center;\"><em>Geddel falou sobre sucess\u00e3o municipal, ao lado do seu irm\u00e3o L\u00facio<\/em><\/p>\n<p>&nbsp;<\/p>\n<p>ITAPETINGA: <em>&#8220;Com ou sem unidade, o povo\u00a0 de Itapetinga n\u00e3o vai deixar que essa coisa continue ai, mas prefiro que seja com unidade&#8221;<\/em> disse Geddel Vieira Lima, na manh\u00e3 deste s\u00e1bado, em entrevista concedida ao programa &#8216;Tribunal da Verdade&#8217;, apresentado por Moreira Junior, na R\u00e1dio Jornal. Geddel criticou a atual administra\u00e7\u00e3o e confirmou K\u00e1tia Espinheira, como sua candidata a prefeita.<\/p>\n<p>Quanto aos desentendimentos entre os ex-prefeitos Michel Hagge e Dr Jos\u00e9 Ot\u00e1vio, Geddel afirmou: <em>&#8220;eu n\u00e3o tenho nenhum problema em sentar a mesa, superar o passado e discutir o futuro, portanto o que foi desentendimento entre as duas lideran\u00e7as, foi por que eles estavam lutando por projetos para Itapetinga. Agora t\u00eam que ser exemplo para uma nova gera\u00e7\u00e3o e saber que quando Itapetinga est\u00e1 em risco, devem sentar-se \u00e0 mesa e conversar. Mas se por acaso n\u00e3o houver entendimento, vou subir no palanque e defender minha candidata&#8221;<\/em>, concluiu Geddel. Informa\u00e7\u00f5es do Tribuna de Itapetinga<\/p>\n<p>VEJA O V\u00cdDEO DA ENTREVISTA<\/p>\n<p>http:\/\/www.youtube.com\/watch?v=3Ds1HkRa3q8&#038;feature=player_embedded<\/p>\n","protected":false},"excerpt":{"rendered":"<p>Geddel falou sobre sucess\u00e3o municipal, ao lado do seu irm\u00e3o L\u00facio &nbsp; ITAPETINGA: &#8220;Com ou sem unidade, o povo\u00a0 de Itapetinga n\u00e3o vai deixar que essa coisa continue ai, mas prefiro que seja com unidade&#8221; disse Geddel Vieira Lima, na manh\u00e3 deste s\u00e1bado, em entrevista concedida ao programa &#8216;Tribunal da Verdade&#8217;, apresentado por Moreira Junior, [&hellip;]<\/p>\n","protected":false},"author":2,"featured_media":0,"comment_status":"open","ping_status":"open","sticky":false,"template":"","format":"standard","meta":{"footnotes":"","_links_to":"","_links_to_target":""},"categories":[1],"tags":[],"class_list":["post-16574","post","type-post","status-publish","format-standard","hentry","category-geral"],"views":1159,"_links":{"self":[{"href":"https:\/\/www.sudoestehoje.com.br\/novoportal\/wp-json\/wp\/v2\/posts\/16574","targetHints":{"allow":["GET"]}}],"collection":[{"href":"https:\/\/www.sudoestehoje.com.br\/novoportal\/wp-json\/wp\/v2\/posts"}],"about":[{"href":"https:\/\/www.sudoestehoje.com.br\/novoportal\/wp-json\/wp\/v2\/types\/post"}],"author":[{"embeddable":true,"href":"https:\/\/www.sudoestehoje.com.br\/novoportal\/wp-json\/wp\/v2\/users\/2"}],"replies":[{"embeddable":true,"href":"https:\/\/www.sudoestehoje.com.br\/novoportal\/wp-json\/wp\/v2\/comments?post=16574"}],"version-history":[{"count":4,"href":"https:\/\/www.sudoestehoje.com.br\/novoportal\/wp-json\/wp\/v2\/posts\/16574\/revisions"}],"predecessor-version":[{"id":16577,"href":"https:\/\/www.sudoestehoje.com.br\/novoportal\/wp-json\/wp\/v2\/posts\/16574\/revisions\/16577"}],"wp:attachment":[{"href":"https:\/\/www.sudoestehoje.com.br\/novoportal\/wp-json\/wp\/v2\/media?parent=16574"}],"wp:term":[{"taxonomy":"category","embeddable":true,"href":"https:\/\/www.sudoestehoje.com.br\/novoportal\/wp-json\/wp\/v2\/categories?post=16574"},{"taxonomy":"post_tag","embeddable":true,"href":"https:\/\/www.sudoestehoje.com.br\/novoportal\/wp-json\/wp\/v2\/tags?post=16574"}],"curies":[{"name":"wp","href":"https:\/\/api.w.org\/{rel}","templated":true}]}}