
{"id":16562,"date":"2012-06-04T00:01:21","date_gmt":"2012-06-04T03:01:21","guid":{"rendered":"http:\/\/www.sudoestehoje.com.br\/novoportal\/?p=16562"},"modified":"2012-06-03T19:04:44","modified_gmt":"2012-06-03T22:04:44","slug":"eleicoes-2012-democratas-fecham-com-arnaldo-teixeira","status":"publish","type":"post","link":"https:\/\/www.sudoestehoje.com.br\/novoportal\/2012\/06\/04\/eleicoes-2012-democratas-fecham-com-arnaldo-teixeira\/","title":{"rendered":"ELEI\u00c7\u00d5ES 2012: DEMOCRATAS FECHAM COM ARNALDO TEIXEIRA"},"content":{"rendered":"<p><img decoding=\"async\" class=\"aligncenter\" src=\"http:\/\/falaitapetinga.hospedagemdesites.ws\/wp-content\/uploads\/2012\/02\/Arnaldo-e-Jos%C3%A9-Ot%C3%A1vio.jpg\" alt=\"\" width=\"500\" \/><\/p>\n<p style=\"text-align: center;\"><em>Jos\u00e9 Ot\u00e1vio (DEM) e Arnaldo Teixeira (PR) voltam a se entender e devem marchar juntos<\/em><\/p>\n<p>&nbsp;<\/p>\n<p>ITAPETINGA: Na reta final da pr\u00e9-campanha eleitoral, parece que as coisas come\u00e7am finalmente a se definir em Itapetinga. Depois de v\u00e1rias tentativas de entendimento com o PMDB e de um suposto afastamento em rela\u00e7\u00e3o \u00e0 candidatura do m\u00e9dico Arnaldo Teixeira (PR), que para muitos teria &#8216;colocado o carro adiante dos bois&#8217;, o Democratas, do ex-prefeito Jos\u00e9 Ot\u00e1vio, acabou fechando apoio \u00e0 candidatura republicana de Dr. Arnaldo.<\/p>\n<p>A decis\u00e3o de apoiar Arnaldo Teixeira partiu do pr\u00f3prio Jos\u00e9 Ot\u00e1vio, que n\u00e3o se sentiu \u00e0 vontade para compor com o seu arque-rival Michel Hagge, que tamb\u00e9m n\u00e3o fez qualquer esfor\u00e7o para se sentar com o DEM e negociar uma coliga\u00e7\u00e3o, apesar da sua pr\u00e9-candidata, K\u00e1tia Espinheira, ter-se empenhado nesse projeto, desde o ano passado.<\/p>\n<p>Outro fator que contribuiu para a falta de entendimento entre os dois tradicionais grupos foi a falta de envolvimento dos &#8216;cartolas&#8217; pol\u00edticos da capital, tanto do PMDB, quanto do Democratas, que riscaram Itapetinga do mapa, depois das \u00faltimas derrotas eleitorais por estas bandas. Somente o deputado Sando R\u00e9gis (PR) mostrou algum interesse nas articula\u00e7\u00f5es pol\u00edticas por aqui.<\/p>\n<p>UMA \u00daLTIMA TENTATIVA<\/p>\n<p>Num \u00faltimo esfor\u00e7o para unir os partidos de oposi\u00e7\u00e3o, uma reuni\u00e3o foi marcada para esta segunda-feira, na C\u00e2mara Municipal, mas tudo leva a crer que ser\u00e1 apenas um encontro protocolar, com poucas chances de dar certo. Trata-se de um \u00faltimo esfor\u00e7o dos l\u00edderes de oposi\u00e7\u00e3o, para atender setores que ainda defendem a improv\u00e1vel uni\u00e3o. As presen\u00e7as dos caciques Michel Hagge e Jos\u00e9 Ot\u00e1vio n\u00e3o s\u00e3o sequer cogitadas para esse encontro.<\/p>\n<p>ESCOLHA DOS VICES<\/p>\n<p>Outro tema que est\u00e1 criando alguns desentendimentos, como \u00e9 de costume, \u00e1 a escolha dos vices. No meio do Democratas, h\u00e1 uma intensa discuss\u00e3o a respeito dos crit\u00e9rios para escolha do nome que dever\u00e1 compor a chapa com Arnaldo Teixeira, ou at\u00e9 com K\u00e1tia Espinheira, em caso de alguma reviravolta. Se depender da vontade de Jos\u00e9 Ot\u00e1vio, o nome de Geraldo Trindade ser\u00e1 o escolhido, mas h\u00e1 uma outra corrente muito forte que defende o nome da atuante vereadores Naara Duarte. Para os partid\u00e1rios de Naara, a escolha deve ser feita atrav\u00e9s de pesquisa ou de uma consulta \u00e0s bases do partido. \u00a0Renan Pereira tamb\u00e9m entrou no circuito, mas parece que os seus \u00faltimos cartuchos foram queimados na elei\u00e7\u00e3o passada.<\/p>\n<p>E assim caminha a sucess\u00e3o no munic\u00edpio&#8230;<\/p>\n<p><strong><em>Por Davi Ferraz<\/em><\/strong><\/p>\n","protected":false},"excerpt":{"rendered":"<p>Jos\u00e9 Ot\u00e1vio (DEM) e Arnaldo Teixeira (PR) voltam a se entender e devem marchar juntos &nbsp; ITAPETINGA: Na reta final da pr\u00e9-campanha eleitoral, parece que as coisas come\u00e7am finalmente a se definir em Itapetinga. Depois de v\u00e1rias tentativas de entendimento com o PMDB e de um suposto afastamento em rela\u00e7\u00e3o \u00e0 candidatura do m\u00e9dico Arnaldo [&hellip;]<\/p>\n","protected":false},"author":2,"featured_media":0,"comment_status":"open","ping_status":"open","sticky":false,"template":"","format":"standard","meta":{"footnotes":"","_links_to":"","_links_to_target":""},"categories":[1],"tags":[],"class_list":["post-16562","post","type-post","status-publish","format-standard","hentry","category-geral"],"views":1198,"_links":{"self":[{"href":"https:\/\/www.sudoestehoje.com.br\/novoportal\/wp-json\/wp\/v2\/posts\/16562","targetHints":{"allow":["GET"]}}],"collection":[{"href":"https:\/\/www.sudoestehoje.com.br\/novoportal\/wp-json\/wp\/v2\/posts"}],"about":[{"href":"https:\/\/www.sudoestehoje.com.br\/novoportal\/wp-json\/wp\/v2\/types\/post"}],"author":[{"embeddable":true,"href":"https:\/\/www.sudoestehoje.com.br\/novoportal\/wp-json\/wp\/v2\/users\/2"}],"replies":[{"embeddable":true,"href":"https:\/\/www.sudoestehoje.com.br\/novoportal\/wp-json\/wp\/v2\/comments?post=16562"}],"version-history":[{"count":4,"href":"https:\/\/www.sudoestehoje.com.br\/novoportal\/wp-json\/wp\/v2\/posts\/16562\/revisions"}],"predecessor-version":[{"id":16566,"href":"https:\/\/www.sudoestehoje.com.br\/novoportal\/wp-json\/wp\/v2\/posts\/16562\/revisions\/16566"}],"wp:attachment":[{"href":"https:\/\/www.sudoestehoje.com.br\/novoportal\/wp-json\/wp\/v2\/media?parent=16562"}],"wp:term":[{"taxonomy":"category","embeddable":true,"href":"https:\/\/www.sudoestehoje.com.br\/novoportal\/wp-json\/wp\/v2\/categories?post=16562"},{"taxonomy":"post_tag","embeddable":true,"href":"https:\/\/www.sudoestehoje.com.br\/novoportal\/wp-json\/wp\/v2\/tags?post=16562"}],"curies":[{"name":"wp","href":"https:\/\/api.w.org\/{rel}","templated":true}]}}