
{"id":16548,"date":"2012-06-03T16:07:44","date_gmt":"2012-06-03T19:07:44","guid":{"rendered":"http:\/\/www.sudoestehoje.com.br\/novoportal\/?p=16548"},"modified":"2012-06-03T16:07:44","modified_gmt":"2012-06-03T19:07:44","slug":"expo-2012-marco-brito-confirma-candidatura-a-prefeito-de-itororo","status":"publish","type":"post","link":"https:\/\/www.sudoestehoje.com.br\/novoportal\/2012\/06\/03\/expo-2012-marco-brito-confirma-candidatura-a-prefeito-de-itororo\/","title":{"rendered":"EXPO-2012: MARCO BRITO CONFIRMA CANDIDATURA A PREFEITO DE ITOROR\u00d3"},"content":{"rendered":"<div id=\"attachment_16550\" style=\"width: 510px\" class=\"wp-caption aligncenter\"><a href=\"http:\/\/www.sudoestehoje.com.br\/novoportal\/wp-content\/uploads\/2012\/06\/GEDC1306.jpg\"><img loading=\"lazy\" decoding=\"async\" aria-describedby=\"caption-attachment-16550\" class=\"size-medium wp-image-16550\" title=\"GEDC1306\" src=\"http:\/\/www.sudoestehoje.com.br\/novoportal\/wp-content\/uploads\/2012\/06\/GEDC1306-500x281.jpg\" alt=\"\" width=\"500\" height=\"281\" srcset=\"https:\/\/www.sudoestehoje.com.br\/novoportal\/wp-content\/uploads\/2012\/06\/GEDC1306-500x281.jpg 500w, https:\/\/www.sudoestehoje.com.br\/novoportal\/wp-content\/uploads\/2012\/06\/GEDC1306-1024x576.jpg 1024w, https:\/\/www.sudoestehoje.com.br\/novoportal\/wp-content\/uploads\/2012\/06\/GEDC1306.jpg 1920w\" sizes=\"auto, (max-width: 500px) 100vw, 500px\" \/><\/a><p id=\"caption-attachment-16550\" class=\"wp-caption-text\">Na noite deste s\u00e1bado, no Parque de Exposi\u00e7\u00f5es Juvino Oliveira, a reportagem do Sudoeste Hoje conversou com o pr\u00e9-candidato do PMDB a prefeito de Itoror\u00f3, Marco Brito,  que confirmou a sua pr\u00e9-candidatura. Segundo Marco, n\u00e3o h\u00e1 nenhuma preocupa\u00e7\u00e3o quanto ao registro de sua candidatura pelo TRE, caso venha a ser confirmada pelo partido, pois n\u00e3o h\u00e1 nenhum obst\u00e1culo jur\u00eddico que o impe\u00e7a de ser candidato. Marco, segundo pesquisas realizadas no munic\u00edpio de Itoror\u00f3, lidera com folga a sucess\u00e3o municipal. Marco estava acompanhado por Eliene Argolo.<\/p><\/div>\n","protected":false},"excerpt":{"rendered":"","protected":false},"author":2,"featured_media":0,"comment_status":"open","ping_status":"open","sticky":false,"template":"","format":"standard","meta":{"footnotes":"","_links_to":"","_links_to_target":""},"categories":[1],"tags":[],"class_list":["post-16548","post","type-post","status-publish","format-standard","hentry","category-geral"],"views":1775,"_links":{"self":[{"href":"https:\/\/www.sudoestehoje.com.br\/novoportal\/wp-json\/wp\/v2\/posts\/16548","targetHints":{"allow":["GET"]}}],"collection":[{"href":"https:\/\/www.sudoestehoje.com.br\/novoportal\/wp-json\/wp\/v2\/posts"}],"about":[{"href":"https:\/\/www.sudoestehoje.com.br\/novoportal\/wp-json\/wp\/v2\/types\/post"}],"author":[{"embeddable":true,"href":"https:\/\/www.sudoestehoje.com.br\/novoportal\/wp-json\/wp\/v2\/users\/2"}],"replies":[{"embeddable":true,"href":"https:\/\/www.sudoestehoje.com.br\/novoportal\/wp-json\/wp\/v2\/comments?post=16548"}],"version-history":[{"count":6,"href":"https:\/\/www.sudoestehoje.com.br\/novoportal\/wp-json\/wp\/v2\/posts\/16548\/revisions"}],"predecessor-version":[{"id":16555,"href":"https:\/\/www.sudoestehoje.com.br\/novoportal\/wp-json\/wp\/v2\/posts\/16548\/revisions\/16555"}],"wp:attachment":[{"href":"https:\/\/www.sudoestehoje.com.br\/novoportal\/wp-json\/wp\/v2\/media?parent=16548"}],"wp:term":[{"taxonomy":"category","embeddable":true,"href":"https:\/\/www.sudoestehoje.com.br\/novoportal\/wp-json\/wp\/v2\/categories?post=16548"},{"taxonomy":"post_tag","embeddable":true,"href":"https:\/\/www.sudoestehoje.com.br\/novoportal\/wp-json\/wp\/v2\/tags?post=16548"}],"curies":[{"name":"wp","href":"https:\/\/api.w.org\/{rel}","templated":true}]}}