
{"id":16518,"date":"2012-06-03T13:48:27","date_gmt":"2012-06-03T16:48:27","guid":{"rendered":"http:\/\/www.sudoestehoje.com.br\/novoportal\/?p=16518"},"modified":"2012-06-03T13:48:27","modified_gmt":"2012-06-03T16:48:27","slug":"medida-do-governo-pode-acabar-programas-religiosos-na-tv","status":"publish","type":"post","link":"https:\/\/www.sudoestehoje.com.br\/novoportal\/2012\/06\/03\/medida-do-governo-pode-acabar-programas-religiosos-na-tv\/","title":{"rendered":"MEDIDA DO GOVERNO PODE ACABAR PROGRAMAS RELIGIOSOS NA TV"},"content":{"rendered":"<p><img decoding=\"async\" class=\"aligncenter\" src=\"http:\/\/noticias.gospelmais.com.br\/files\/2011\/06\/edir-macedo-record.jpg\" alt=\"\" width=\"400\" \/><\/p>\n<p style=\"text-align: center;\"><em>Rede Record ter\u00e1 tratamento &#8216;especial&#8217; nas novas medidas<\/em><\/p>\n<p>&nbsp;<\/p>\n<p>O governo federal lan\u00e7ar\u00e1 um pacote de medidas para fechar as brechas da legisla\u00e7\u00e3o de r\u00e1dio e TV que permitiram o surgimento de um mercado paralelo de concess\u00f5es no Brasil. Batizado de \u201cnovo marco regulat\u00f3rio da radiodifus\u00e3o\u201d, o decreto prev\u00ea a proibi\u00e7\u00e3o expressa do aluguel de canais e de hor\u00e1rios da programa\u00e7\u00e3o de r\u00e1dio e TV. A lei atual n\u00e3o veta a pr\u00e1tica de forma expl\u00edcita, o que permitiu o aumento de programas religiosos e exclusivamente comerciais, que dever\u00e3o ser os principais atingidos pela medida.<\/p>\n<p>Segundo levantamento do Intervozes, organiza\u00e7\u00e3o que monitora a programa\u00e7\u00e3o no pa\u00eds, no fim de 2011 a Igreja Internacional da Gra\u00e7a de Deus, do mission\u00e1rio R.R. Soares, por exemplo, alugava duas horas e cinco minutos semanais na Band. Na TV Gazeta, o Polishop detinha dez horas semanais para anunciar seus produtos. Na Rede TV!, o ap\u00f3stolo Valdemiro Santiago, da Igreja Mundial do Poder de Deus, comprava cerca de dez horas e meia semanais. Segundo a entidade, raras s\u00e3o as emissoras que n\u00e3o entraram no neg\u00f3cio \u2013 entre elas Globo e SBT.<\/p>\n<p>A Record \u00e9 tratada como um caso isolado porque seu fundador, Edir Macedo, tamb\u00e9m \u00e9 o respons\u00e1vel pela Igreja Universal do Reino de Deus. Segundo o Intervozes, a emissora alega n\u00e3o ceder espa\u00e7o a terceiros, mas n\u00e3o explica se paga pelos programas religiosos veiculados. Informa\u00e7\u00f5es do jornal Folha de S\u00e3o Paulo.<\/p>\n","protected":false},"excerpt":{"rendered":"<p>Rede Record ter\u00e1 tratamento &#8216;especial&#8217; nas novas medidas &nbsp; O governo federal lan\u00e7ar\u00e1 um pacote de medidas para fechar as brechas da legisla\u00e7\u00e3o de r\u00e1dio e TV que permitiram o surgimento de um mercado paralelo de concess\u00f5es no Brasil. Batizado de \u201cnovo marco regulat\u00f3rio da radiodifus\u00e3o\u201d, o decreto prev\u00ea a proibi\u00e7\u00e3o expressa do aluguel de [&hellip;]<\/p>\n","protected":false},"author":2,"featured_media":0,"comment_status":"open","ping_status":"open","sticky":false,"template":"","format":"standard","meta":{"footnotes":"","_links_to":"","_links_to_target":""},"categories":[1],"tags":[],"class_list":["post-16518","post","type-post","status-publish","format-standard","hentry","category-geral"],"views":1337,"_links":{"self":[{"href":"https:\/\/www.sudoestehoje.com.br\/novoportal\/wp-json\/wp\/v2\/posts\/16518","targetHints":{"allow":["GET"]}}],"collection":[{"href":"https:\/\/www.sudoestehoje.com.br\/novoportal\/wp-json\/wp\/v2\/posts"}],"about":[{"href":"https:\/\/www.sudoestehoje.com.br\/novoportal\/wp-json\/wp\/v2\/types\/post"}],"author":[{"embeddable":true,"href":"https:\/\/www.sudoestehoje.com.br\/novoportal\/wp-json\/wp\/v2\/users\/2"}],"replies":[{"embeddable":true,"href":"https:\/\/www.sudoestehoje.com.br\/novoportal\/wp-json\/wp\/v2\/comments?post=16518"}],"version-history":[{"count":3,"href":"https:\/\/www.sudoestehoje.com.br\/novoportal\/wp-json\/wp\/v2\/posts\/16518\/revisions"}],"predecessor-version":[{"id":16521,"href":"https:\/\/www.sudoestehoje.com.br\/novoportal\/wp-json\/wp\/v2\/posts\/16518\/revisions\/16521"}],"wp:attachment":[{"href":"https:\/\/www.sudoestehoje.com.br\/novoportal\/wp-json\/wp\/v2\/media?parent=16518"}],"wp:term":[{"taxonomy":"category","embeddable":true,"href":"https:\/\/www.sudoestehoje.com.br\/novoportal\/wp-json\/wp\/v2\/categories?post=16518"},{"taxonomy":"post_tag","embeddable":true,"href":"https:\/\/www.sudoestehoje.com.br\/novoportal\/wp-json\/wp\/v2\/tags?post=16518"}],"curies":[{"name":"wp","href":"https:\/\/api.w.org\/{rel}","templated":true}]}}