
{"id":16499,"date":"2012-06-02T11:22:12","date_gmt":"2012-06-02T14:22:12","guid":{"rendered":"http:\/\/www.sudoestehoje.com.br\/novoportal\/?p=16499"},"modified":"2012-06-02T11:23:17","modified_gmt":"2012-06-02T14:23:17","slug":"expo-2012-leilao-uniao-das-racas-supera-expectativas","status":"publish","type":"post","link":"https:\/\/www.sudoestehoje.com.br\/novoportal\/2012\/06\/02\/expo-2012-leilao-uniao-das-racas-supera-expectativas\/","title":{"rendered":"EXPO-2012: LEIL\u00c3O &#8216;UNI\u00c3O DAS RA\u00c7AS&#8217; SUPERA EXPECTATIVAS"},"content":{"rendered":"<p style=\"text-align: center;\"><em>Fotos: Sudoeste Hoje<\/em><\/p>\n<p><a href=\"http:\/\/www.sudoestehoje.com.br\/novoportal\/wp-content\/uploads\/2012\/06\/GEDC1266.jpg\"><img loading=\"lazy\" decoding=\"async\" class=\"aligncenter size-medium wp-image-16502\" title=\"GEDC1266\" src=\"http:\/\/www.sudoestehoje.com.br\/novoportal\/wp-content\/uploads\/2012\/06\/GEDC1266-500x281.jpg\" alt=\"\" width=\"500\" height=\"281\" srcset=\"https:\/\/www.sudoestehoje.com.br\/novoportal\/wp-content\/uploads\/2012\/06\/GEDC1266-500x281.jpg 500w, https:\/\/www.sudoestehoje.com.br\/novoportal\/wp-content\/uploads\/2012\/06\/GEDC1266-1024x576.jpg 1024w, https:\/\/www.sudoestehoje.com.br\/novoportal\/wp-content\/uploads\/2012\/06\/GEDC1266.jpg 1920w\" sizes=\"auto, (max-width: 500px) 100vw, 500px\" \/><\/a><\/p>\n<p style=\"text-align: center;\"><em>O evento contou com grande presen\u00e7a de p\u00fablico<\/em><\/p>\n<p>&nbsp;<\/p>\n<p>ITAPETINGA: O 3\u00ba leil\u00e3o &#8216;Uni\u00e3o das Ra\u00e7as&#8217; de Itapetinga superou todas as expectativas de vendas. O evento ocorreu na noite de sexta-feira (01), no interior do Parque de Exposi\u00e7\u00f5es de Itapetinga. Pecuaristas, expositores, autoridades da pol\u00edtica e da pol\u00edcia, al\u00e9m de visitantes, abrilhantaram o leil\u00e3o, organizado pelo pecuarista e advogado Leonardo Rodrigues Matos.<\/p>\n<p><a href=\"http:\/\/www.sudoestehoje.com.br\/novoportal\/wp-content\/uploads\/2012\/06\/GEDC1280.jpg\"><img loading=\"lazy\" decoding=\"async\" class=\"aligncenter size-medium wp-image-16503\" title=\"GEDC1280\" src=\"http:\/\/www.sudoestehoje.com.br\/novoportal\/wp-content\/uploads\/2012\/06\/GEDC1280-500x281.jpg\" alt=\"\" width=\"500\" height=\"281\" srcset=\"https:\/\/www.sudoestehoje.com.br\/novoportal\/wp-content\/uploads\/2012\/06\/GEDC1280-500x281.jpg 500w, https:\/\/www.sudoestehoje.com.br\/novoportal\/wp-content\/uploads\/2012\/06\/GEDC1280-1024x576.jpg 1024w, https:\/\/www.sudoestehoje.com.br\/novoportal\/wp-content\/uploads\/2012\/06\/GEDC1280.jpg 1920w\" sizes=\"auto, (max-width: 500px) 100vw, 500px\" \/><\/a><\/p>\n<p style=\"text-align: center;\"><em>Leonardo Matos, ao lado de &#8216;Lour\u00e3o&#8217; \u00a0e do deputado federal Ant\u00f4nio Brito<\/em><\/p>\n<p>Com quase R$ 370.000,00 em vendas, o 3\u00ba leil\u00e3o superou o do ano passado. Em 2011, as vendas giraram em torno de R$ 225.000,00. Leonardo Rodrigues Matos e equipe acreditam que o sucesso do leil\u00e3o, em todas as suas edi\u00e7\u00f5es, \u00e9 em raz\u00e3o da organiza\u00e7\u00e3o e da qualidade dos animais leiloados. Informa\u00e7\u00f5es do <em>Itapetinga na M\u00eddia<\/em><\/p>\n<p><em>Confira mais fotos do evento:<\/em><!--more--><\/p>\n<p style=\"text-align: center;\"><em>Fotos: Itapetinga na M\u00eddia<\/em><\/p>\n<p><img decoding=\"async\" class=\"aligncenter\" src=\"http:\/\/www.itapetinganamidia.com\/wp-content\/uploads\/2012\/06\/DSC05972.jpg\" alt=\"\" \/><\/p>\n<p><img decoding=\"async\" class=\"aligncenter\" src=\"http:\/\/www.itapetinganamidia.com\/wp-content\/uploads\/2012\/06\/DSC05975.jpg\" alt=\"\" \/><\/p>\n<p><img decoding=\"async\" class=\"aligncenter\" src=\"http:\/\/www.itapetinganamidia.com\/wp-content\/uploads\/2012\/06\/DSC05974.jpg\" alt=\"\" \/><\/p>\n<p><img decoding=\"async\" class=\"aligncenter\" src=\"http:\/\/www.itapetinganamidia.com\/wp-content\/uploads\/2012\/06\/DSC05980.jpg\" alt=\"\" \/><\/p>\n","protected":false},"excerpt":{"rendered":"<p>Fotos: Sudoeste Hoje O evento contou com grande presen\u00e7a de p\u00fablico &nbsp; ITAPETINGA: O 3\u00ba leil\u00e3o &#8216;Uni\u00e3o das Ra\u00e7as&#8217; de Itapetinga superou todas as expectativas de vendas. O evento ocorreu na noite de sexta-feira (01), no interior do Parque de Exposi\u00e7\u00f5es de Itapetinga. Pecuaristas, expositores, autoridades da pol\u00edtica e da pol\u00edcia, al\u00e9m de visitantes, abrilhantaram [&hellip;]<\/p>\n","protected":false},"author":2,"featured_media":0,"comment_status":"open","ping_status":"open","sticky":false,"template":"","format":"standard","meta":{"footnotes":"","_links_to":"","_links_to_target":""},"categories":[1],"tags":[],"class_list":["post-16499","post","type-post","status-publish","format-standard","hentry","category-geral"],"views":1370,"_links":{"self":[{"href":"https:\/\/www.sudoestehoje.com.br\/novoportal\/wp-json\/wp\/v2\/posts\/16499","targetHints":{"allow":["GET"]}}],"collection":[{"href":"https:\/\/www.sudoestehoje.com.br\/novoportal\/wp-json\/wp\/v2\/posts"}],"about":[{"href":"https:\/\/www.sudoestehoje.com.br\/novoportal\/wp-json\/wp\/v2\/types\/post"}],"author":[{"embeddable":true,"href":"https:\/\/www.sudoestehoje.com.br\/novoportal\/wp-json\/wp\/v2\/users\/2"}],"replies":[{"embeddable":true,"href":"https:\/\/www.sudoestehoje.com.br\/novoportal\/wp-json\/wp\/v2\/comments?post=16499"}],"version-history":[{"count":4,"href":"https:\/\/www.sudoestehoje.com.br\/novoportal\/wp-json\/wp\/v2\/posts\/16499\/revisions"}],"predecessor-version":[{"id":16507,"href":"https:\/\/www.sudoestehoje.com.br\/novoportal\/wp-json\/wp\/v2\/posts\/16499\/revisions\/16507"}],"wp:attachment":[{"href":"https:\/\/www.sudoestehoje.com.br\/novoportal\/wp-json\/wp\/v2\/media?parent=16499"}],"wp:term":[{"taxonomy":"category","embeddable":true,"href":"https:\/\/www.sudoestehoje.com.br\/novoportal\/wp-json\/wp\/v2\/categories?post=16499"},{"taxonomy":"post_tag","embeddable":true,"href":"https:\/\/www.sudoestehoje.com.br\/novoportal\/wp-json\/wp\/v2\/tags?post=16499"}],"curies":[{"name":"wp","href":"https:\/\/api.w.org\/{rel}","templated":true}]}}