
{"id":16490,"date":"2012-06-02T09:43:36","date_gmt":"2012-06-02T12:43:36","guid":{"rendered":"http:\/\/www.sudoestehoje.com.br\/novoportal\/?p=16490"},"modified":"2012-06-02T16:11:34","modified_gmt":"2012-06-02T19:11:34","slug":"pulando-a-fogueira","status":"publish","type":"post","link":"https:\/\/www.sudoestehoje.com.br\/novoportal\/2012\/06\/02\/pulando-a-fogueira\/","title":{"rendered":"PULANDO A FOGUEIRA&#8230;"},"content":{"rendered":"<p style=\"text-align: center;\"><img decoding=\"async\" class=\"aligncenter\" src=\"http:\/\/www.brasilcultura.com.br\/wp-content\/uploads\/2011\/06\/sao-joao-fogueira.gif\" alt=\"\" width=\"150\" \/><\/p>\n<p>A julgar pelo ritmo lento em que a equipe do prefeito vem tratando a organiza\u00e7\u00e3o da tradicional festa de S\u00e3o Jo\u00e3o, a c\u00e9lebre frase da m\u00fasica do forrozeiro Edgar M\u00e3o Branca, &#8220;S\u00e3o Jo\u00e3o passou aqui&#8230;&#8221; n\u00e3o se aplica a Itapetinga. A organiza\u00e7\u00e3o da festa vem sendo tratada debaixo do maior segredo e nem mesmo as atra\u00e7\u00f5es principais da festa foram divulgadas oficialmente. Num furo de reportagem, o Sudoeste Hoje divulgou a \u00a0rela\u00e7\u00e3o dos principais shows art\u00edsticos, que n\u00e3o foi confirmada, nem contestada pela prefeitura. A t\u00e3o badalada e prometida banda &#8216;Avi\u00f5es do Forr\u00f3&#8217;, foi solenemente substitu\u00edda \u00a0pelos &#8216;Solteir\u00f5es do Forr\u00f3&#8217;, o que irritou imensamente o p\u00fablico jovem. Nem mesmo a publicidade foi feita. Parece que as m\u00e1s not\u00edcias recebidas pelo prefeito, nos \u00faltimos tempos, travaram de vez o governo municipal. At\u00e9 o fim do mandato, Z\u00e9 Carlos vai ter que pular dezenas de fogueiras&#8230;<\/p>\n","protected":false},"excerpt":{"rendered":"<p>A julgar pelo ritmo lento em que a equipe do prefeito vem tratando a organiza\u00e7\u00e3o da tradicional festa de S\u00e3o Jo\u00e3o, a c\u00e9lebre frase da m\u00fasica do forrozeiro Edgar M\u00e3o Branca, &#8220;S\u00e3o Jo\u00e3o passou aqui&#8230;&#8221; n\u00e3o se aplica a Itapetinga. A organiza\u00e7\u00e3o da festa vem sendo tratada debaixo do maior segredo e nem mesmo as [&hellip;]<\/p>\n","protected":false},"author":2,"featured_media":0,"comment_status":"open","ping_status":"open","sticky":false,"template":"","format":"standard","meta":{"footnotes":"","_links_to":"","_links_to_target":""},"categories":[11],"tags":[],"class_list":["post-16490","post","type-post","status-publish","format-standard","hentry","category-quentinhas"],"views":2127,"_links":{"self":[{"href":"https:\/\/www.sudoestehoje.com.br\/novoportal\/wp-json\/wp\/v2\/posts\/16490","targetHints":{"allow":["GET"]}}],"collection":[{"href":"https:\/\/www.sudoestehoje.com.br\/novoportal\/wp-json\/wp\/v2\/posts"}],"about":[{"href":"https:\/\/www.sudoestehoje.com.br\/novoportal\/wp-json\/wp\/v2\/types\/post"}],"author":[{"embeddable":true,"href":"https:\/\/www.sudoestehoje.com.br\/novoportal\/wp-json\/wp\/v2\/users\/2"}],"replies":[{"embeddable":true,"href":"https:\/\/www.sudoestehoje.com.br\/novoportal\/wp-json\/wp\/v2\/comments?post=16490"}],"version-history":[{"count":4,"href":"https:\/\/www.sudoestehoje.com.br\/novoportal\/wp-json\/wp\/v2\/posts\/16490\/revisions"}],"predecessor-version":[{"id":16492,"href":"https:\/\/www.sudoestehoje.com.br\/novoportal\/wp-json\/wp\/v2\/posts\/16490\/revisions\/16492"}],"wp:attachment":[{"href":"https:\/\/www.sudoestehoje.com.br\/novoportal\/wp-json\/wp\/v2\/media?parent=16490"}],"wp:term":[{"taxonomy":"category","embeddable":true,"href":"https:\/\/www.sudoestehoje.com.br\/novoportal\/wp-json\/wp\/v2\/categories?post=16490"},{"taxonomy":"post_tag","embeddable":true,"href":"https:\/\/www.sudoestehoje.com.br\/novoportal\/wp-json\/wp\/v2\/tags?post=16490"}],"curies":[{"name":"wp","href":"https:\/\/api.w.org\/{rel}","templated":true}]}}