
{"id":16480,"date":"2012-06-01T11:56:15","date_gmt":"2012-06-01T14:56:15","guid":{"rendered":"http:\/\/www.sudoestehoje.com.br\/novoportal\/?p=16480"},"modified":"2012-06-01T11:56:15","modified_gmt":"2012-06-01T14:56:15","slug":"vereador-infiel-perde-mandato","status":"publish","type":"post","link":"https:\/\/www.sudoestehoje.com.br\/novoportal\/2012\/06\/01\/vereador-infiel-perde-mandato\/","title":{"rendered":"VEREADOR INFIEL PERDE MANDATO"},"content":{"rendered":"<p style=\"text-align: center;\"><img decoding=\"async\" class=\"aligncenter\" src=\"http:\/\/3.bp.blogspot.com\/-qW3nx20LMWI\/T8iXpY3_7MI\/AAAAAAAAdqk\/JjpPPp1WMh0\/s200\/VALMIR-FREITAS-1-300x234.jpg\" alt=\"\" width=\"400\" \/><\/p>\n<p style=\"text-align: center;\"><em>Valmir &#8220;pulou a cerca&#8221; partid\u00e1ria e agora est\u00e1 sem mandato e legenda<\/em><\/p>\n<p>&nbsp;<\/p>\n<p>ILH\u00c9US: De acordo com o site O Tabuleiro, o vereador ilheensee Valmir Freitas, conhecido como \u201cValmir de Inema\u201d, teve o mandato cassado. A perda se deve a uma a\u00e7\u00e3o movida no ano passado pelo PP, que era o partido do pol\u00edtico, at\u00e9 ele decidir transferir-se para o PT. Os argumentos de Valmir, de que estava sem apoio de sua antiga legenda, n\u00e3o convenceu a justi\u00e7a eleitoral.\u00a0Com o afastamento, a vaga dever\u00e1 ser ocupada pelo primeiro suplente, John Ribeiro, mas h\u00e1 possibilidade de articula\u00e7\u00e3o para que ele renuncie em favor do segundo suplente, que \u00e9 o radialista Gil Gomes.<\/p>\n","protected":false},"excerpt":{"rendered":"<p>Valmir &#8220;pulou a cerca&#8221; partid\u00e1ria e agora est\u00e1 sem mandato e legenda &nbsp; ILH\u00c9US: De acordo com o site O Tabuleiro, o vereador ilheensee Valmir Freitas, conhecido como \u201cValmir de Inema\u201d, teve o mandato cassado. A perda se deve a uma a\u00e7\u00e3o movida no ano passado pelo PP, que era o partido do pol\u00edtico, at\u00e9 [&hellip;]<\/p>\n","protected":false},"author":2,"featured_media":0,"comment_status":"open","ping_status":"open","sticky":false,"template":"","format":"standard","meta":{"footnotes":"","_links_to":"","_links_to_target":""},"categories":[1],"tags":[],"class_list":["post-16480","post","type-post","status-publish","format-standard","hentry","category-geral"],"views":1279,"_links":{"self":[{"href":"https:\/\/www.sudoestehoje.com.br\/novoportal\/wp-json\/wp\/v2\/posts\/16480","targetHints":{"allow":["GET"]}}],"collection":[{"href":"https:\/\/www.sudoestehoje.com.br\/novoportal\/wp-json\/wp\/v2\/posts"}],"about":[{"href":"https:\/\/www.sudoestehoje.com.br\/novoportal\/wp-json\/wp\/v2\/types\/post"}],"author":[{"embeddable":true,"href":"https:\/\/www.sudoestehoje.com.br\/novoportal\/wp-json\/wp\/v2\/users\/2"}],"replies":[{"embeddable":true,"href":"https:\/\/www.sudoestehoje.com.br\/novoportal\/wp-json\/wp\/v2\/comments?post=16480"}],"version-history":[{"count":2,"href":"https:\/\/www.sudoestehoje.com.br\/novoportal\/wp-json\/wp\/v2\/posts\/16480\/revisions"}],"predecessor-version":[{"id":16482,"href":"https:\/\/www.sudoestehoje.com.br\/novoportal\/wp-json\/wp\/v2\/posts\/16480\/revisions\/16482"}],"wp:attachment":[{"href":"https:\/\/www.sudoestehoje.com.br\/novoportal\/wp-json\/wp\/v2\/media?parent=16480"}],"wp:term":[{"taxonomy":"category","embeddable":true,"href":"https:\/\/www.sudoestehoje.com.br\/novoportal\/wp-json\/wp\/v2\/categories?post=16480"},{"taxonomy":"post_tag","embeddable":true,"href":"https:\/\/www.sudoestehoje.com.br\/novoportal\/wp-json\/wp\/v2\/tags?post=16480"}],"curies":[{"name":"wp","href":"https:\/\/api.w.org\/{rel}","templated":true}]}}