
{"id":164,"date":"2010-09-07T22:11:34","date_gmt":"2010-09-08T01:11:34","guid":{"rendered":"http:\/\/sudoestehoje.tempsite.ws\/novoportal\/?p=164"},"modified":"2010-09-18T13:06:28","modified_gmt":"2010-09-18T16:06:28","slug":"democratas-de-itapetinga-foram-a-luta-neste-sabado","status":"publish","type":"post","link":"https:\/\/www.sudoestehoje.com.br\/novoportal\/2010\/09\/07\/democratas-de-itapetinga-foram-a-luta-neste-sabado\/","title":{"rendered":"DEMOCRATAS DE ITAPETINGA FORAM \u00c0 LUTA NESTE S\u00c1BADO"},"content":{"rendered":"<div>\n<div style=\"text-align: center;\"><img loading=\"lazy\" decoding=\"async\" src=\"http:\/\/www.sudoestehoje.com.br\/web\/images\/stories\/demo2.jpg\" border=\"0\" alt=\"\" width=\"450\" height=\"337\" \/><\/div>\n<div style=\"text-align: center;\"><strong>O\u00a0ex-prefeito Jos\u00e9 Ot\u00e1vio, ao lado dos vereadores Chiquinho, Bahia e Naara<\/strong><\/div>\n<p>ITAPETINGA:  Os democratas de Itapetinga resolveram unir for\u00e7as em apoio aos seus  candidatos. Neste s\u00e1bado (04), pela manh\u00e3, os l\u00edderes democratas  invadiram, literalmente, o centro da cidade, fazendo bandeira\u00e7o e corpo a  corpo, em campanha a favor de Paulo Souto\u00a0, Jos\u00e9 Serra e dos candidatos  a deputado\u00a0F\u00e1bio Souto (federal), Heraldo Rocha e Sandro R\u00e9gis  (estaduais).<\/p>\n<div style=\"text-align: center;\"><strong><img loading=\"lazy\" decoding=\"async\" src=\"http:\/\/www.sudoestehoje.com.br\/web\/images\/stories\/demo3.jpg\" border=\"0\" alt=\"\" width=\"450\" height=\"450\" \/><\/strong><\/div>\n<div style=\"text-align: center;\"><strong>Dr. L\u00facio Borba foi \u00e0 luta e esbanjou otimismo em rela\u00e7\u00e3o aos seus candidatos<\/strong><\/div>\n<p>O  grupo liderado pelo ex-prefeito Jos\u00e9 Ot\u00e1vio Curvelo,\u00a0atual presidente  do DEM, foi bem recepcionado pelos comerciantes, comerci\u00e1rios e  populares. Era s\u00f3 o que faltava para esquentar de vez a campanha  eleitoral, que andava meio morna por estas bandas.<\/p>\n<p>Davi Ferraz<\/p>\n<\/div>\n","protected":false},"excerpt":{"rendered":"<p>O\u00a0ex-prefeito Jos\u00e9 Ot\u00e1vio, ao lado dos vereadores Chiquinho, Bahia e Naara ITAPETINGA: Os democratas de Itapetinga resolveram unir for\u00e7as em apoio aos seus candidatos. Neste s\u00e1bado (04), pela manh\u00e3, os l\u00edderes democratas invadiram, literalmente, o centro da cidade, fazendo bandeira\u00e7o e corpo a corpo, em campanha a favor de Paulo Souto\u00a0, Jos\u00e9 Serra e dos [&hellip;]<\/p>\n","protected":false},"author":1,"featured_media":0,"comment_status":"open","ping_status":"open","sticky":false,"template":"","format":"standard","meta":{"footnotes":"","_links_to":"","_links_to_target":""},"categories":[10,4],"tags":[],"class_list":["post-164","post","type-post","status-publish","format-standard","hentry","category-itapetinga","category-politica"],"views":1304,"_links":{"self":[{"href":"https:\/\/www.sudoestehoje.com.br\/novoportal\/wp-json\/wp\/v2\/posts\/164","targetHints":{"allow":["GET"]}}],"collection":[{"href":"https:\/\/www.sudoestehoje.com.br\/novoportal\/wp-json\/wp\/v2\/posts"}],"about":[{"href":"https:\/\/www.sudoestehoje.com.br\/novoportal\/wp-json\/wp\/v2\/types\/post"}],"author":[{"embeddable":true,"href":"https:\/\/www.sudoestehoje.com.br\/novoportal\/wp-json\/wp\/v2\/users\/1"}],"replies":[{"embeddable":true,"href":"https:\/\/www.sudoestehoje.com.br\/novoportal\/wp-json\/wp\/v2\/comments?post=164"}],"version-history":[{"count":1,"href":"https:\/\/www.sudoestehoje.com.br\/novoportal\/wp-json\/wp\/v2\/posts\/164\/revisions"}],"predecessor-version":[{"id":165,"href":"https:\/\/www.sudoestehoje.com.br\/novoportal\/wp-json\/wp\/v2\/posts\/164\/revisions\/165"}],"wp:attachment":[{"href":"https:\/\/www.sudoestehoje.com.br\/novoportal\/wp-json\/wp\/v2\/media?parent=164"}],"wp:term":[{"taxonomy":"category","embeddable":true,"href":"https:\/\/www.sudoestehoje.com.br\/novoportal\/wp-json\/wp\/v2\/categories?post=164"},{"taxonomy":"post_tag","embeddable":true,"href":"https:\/\/www.sudoestehoje.com.br\/novoportal\/wp-json\/wp\/v2\/tags?post=164"}],"curies":[{"name":"wp","href":"https:\/\/api.w.org\/{rel}","templated":true}]}}