
{"id":16337,"date":"2012-05-28T07:01:23","date_gmt":"2012-05-28T10:01:23","guid":{"rendered":"http:\/\/www.sudoestehoje.com.br\/novoportal\/?p=16337"},"modified":"2012-05-28T09:31:10","modified_gmt":"2012-05-28T12:31:10","slug":"macarani-carlinhos-garante-abastecimento-de-agua-de-itabai","status":"publish","type":"post","link":"https:\/\/www.sudoestehoje.com.br\/novoportal\/2012\/05\/28\/macarani-carlinhos-garante-abastecimento-de-agua-de-itabai\/","title":{"rendered":"MACARANI: CARLINHOS GARANTE ABASTECIMENTO DE \u00c1GUA EM ITABAI"},"content":{"rendered":"<p><img decoding=\"async\" class=\"aligncenter\" src=\"http:\/\/www.macaraninoticias.com\/wp-content\/uploads\/2012\/05\/SDC11053-300x225.jpg\" alt=\"\" width=\"400\" \/><\/p>\n<p style=\"text-align: center;\"><em>\u00c1gua para o distrito de Itabai ser\u00e1 canalizada da serra da &#8216;Pingadeira&#8217;\u00a0<\/em><\/p>\n<p>&nbsp;<\/p>\n<p>MACARANI: \u00a0A solu\u00e7\u00e3o para o problema de \u00e1gua de Itabai est\u00e1 pr\u00f3xima. Nesse per\u00edodo de estiagem, a popula\u00e7\u00e3o local vem sofrendo com a falta de abastecimento e a prefeitura acelerou o trabalho de canaliza\u00e7\u00e3o da \u00e1gua da \u201cPingadeira\u201d que ser\u00e1 armazenada num reservat\u00f3rio de 100 mil litros e distribu\u00edda para toda a popula\u00e7\u00e3o, que ter\u00e1, de vez, resolvido o esse grave problema que se arrasta ha d\u00e9cadas, sem que nada fosse feito para sanar o problema, apenas a\u00e7\u00f5es paliativas, o que levou a situa\u00e7\u00e3o ao n\u00edvel em que se contra.<\/p>\n<p>Nesta ter\u00e7a-feira dever\u00e1 acontecer a licita\u00e7\u00e3o para a sele\u00e7\u00e3o da empresa que vai executar o assentamento da tubula\u00e7\u00e3o. A prefeitura n\u00e3o utilizar\u00e1 a canaliza\u00e7\u00e3o do projeto original que est\u00e1 em curso, aguardando a libera\u00e7\u00e3o, pelo Governo Federal, da parcela final do conv\u00eanio para que o trabalho seja conclu\u00eddo.<!--more--><\/p>\n<p>Diante da necessidade da popula\u00e7\u00e3o de Itabai, a prefeitura far\u00e1 uma canaliza\u00e7\u00e3o paralela da barragem do Rio Pater\u00e3o, direto para o reservat\u00f3rio de 100 mil litros, j\u00e1 constru\u00eddo. A \u00e1gua passar\u00e1 por tratamento antes de ser distribu\u00edda para todo o distrito, resolvendo de vez o problema de abastecimento de \u00e1gua.<\/p>\n<p>Para a execu\u00e7\u00e3o da obra, foram adquiridos 9.600 metros de canos de PVC de 50 mil\u00edmetros e mais 1.200 de 75 mil\u00edmetros. A capta\u00e7\u00e3o, canaliza\u00e7\u00e3o e distribui\u00e7\u00e3o ser\u00e3o por for\u00e7a gravitacional o que diminuir\u00e1 o custo final.<\/p>\n<p>Os moradores de Itaba\u00ed nunca tiveram \u00e1gua tratada. Pela primeira vez, em 50 anos, a comunidade desfrutar\u00e1 desse bem, essencial \u00e0 vida, em abund\u00e2ncia.\u00a0 A empresa que vencer a licita\u00e7\u00e3o come\u00e7ar\u00e1 a execu\u00e7\u00e3o do trabalho em 48 horas, com previs\u00e3o de t\u00e9rmino em menos de 30 dias.<\/p>\n<p>A popula\u00e7\u00e3o do distrito j\u00e1 comemora a iniciativa da prefeitura e n\u00e3o v\u00ea a hora de ter nas torneiras de suas resid\u00eancias a t\u00e3o sonhada \u00e1gua da \u201cPingadeira\u201d. Em rela\u00e7\u00e3o ao reservat\u00f3rio, segundo o projetista Lucas Rios, se o mesmo n\u00e3o for suficiente para atender \u00e0 demanda, outro com a mesma capacidade de armazenamento, ser\u00e1 constru\u00eddo no local.<\/p>\n<p>O prefeito Carlinhos agradeceu a confian\u00e7a do povo de Itabai ao compromisso empenhado de resolver definitivamente o problema de abastecimento de \u00e1gua da localidade. \u201c\u00c9 um problema cr\u00f4nico que t\u00ednhamos que resolver e estamos resolvendo\u201d, assinalou o prefeito, acrescentando que \u201co ex-prefeito, em seus 14 anos de administra\u00e7\u00e3o, teve a oportunidade de sanar o problema e n\u00e3o o fez, o que provocou o caos de agora. Entretanto, o nosso pensamento sempre foi o de melhorar a vida da comunidade, de forma definitiva e n\u00e3o paliativa, por isso, a obra demorou um pouco para sair, mas o satisfat\u00f3rio \u00e9 que nunca mais o povo de Itaba\u00ed sofrer\u00e1 por desabastecimento de \u00e1gua\u201d. Concluiu.<\/p>\n<p><strong><em>Ascom Jota Santos<\/em><\/strong><\/p>\n","protected":false},"excerpt":{"rendered":"<p>\u00c1gua para o distrito de Itabai ser\u00e1 canalizada da serra da &#8216;Pingadeira&#8217;\u00a0 &nbsp; MACARANI: \u00a0A solu\u00e7\u00e3o para o problema de \u00e1gua de Itabai est\u00e1 pr\u00f3xima. Nesse per\u00edodo de estiagem, a popula\u00e7\u00e3o local vem sofrendo com a falta de abastecimento e a prefeitura acelerou o trabalho de canaliza\u00e7\u00e3o da \u00e1gua da \u201cPingadeira\u201d que ser\u00e1 armazenada num [&hellip;]<\/p>\n","protected":false},"author":2,"featured_media":0,"comment_status":"open","ping_status":"open","sticky":false,"template":"","format":"standard","meta":{"footnotes":"","_links_to":"","_links_to_target":""},"categories":[1],"tags":[],"class_list":["post-16337","post","type-post","status-publish","format-standard","hentry","category-geral"],"views":1308,"_links":{"self":[{"href":"https:\/\/www.sudoestehoje.com.br\/novoportal\/wp-json\/wp\/v2\/posts\/16337","targetHints":{"allow":["GET"]}}],"collection":[{"href":"https:\/\/www.sudoestehoje.com.br\/novoportal\/wp-json\/wp\/v2\/posts"}],"about":[{"href":"https:\/\/www.sudoestehoje.com.br\/novoportal\/wp-json\/wp\/v2\/types\/post"}],"author":[{"embeddable":true,"href":"https:\/\/www.sudoestehoje.com.br\/novoportal\/wp-json\/wp\/v2\/users\/2"}],"replies":[{"embeddable":true,"href":"https:\/\/www.sudoestehoje.com.br\/novoportal\/wp-json\/wp\/v2\/comments?post=16337"}],"version-history":[{"count":7,"href":"https:\/\/www.sudoestehoje.com.br\/novoportal\/wp-json\/wp\/v2\/posts\/16337\/revisions"}],"predecessor-version":[{"id":16354,"href":"https:\/\/www.sudoestehoje.com.br\/novoportal\/wp-json\/wp\/v2\/posts\/16337\/revisions\/16354"}],"wp:attachment":[{"href":"https:\/\/www.sudoestehoje.com.br\/novoportal\/wp-json\/wp\/v2\/media?parent=16337"}],"wp:term":[{"taxonomy":"category","embeddable":true,"href":"https:\/\/www.sudoestehoje.com.br\/novoportal\/wp-json\/wp\/v2\/categories?post=16337"},{"taxonomy":"post_tag","embeddable":true,"href":"https:\/\/www.sudoestehoje.com.br\/novoportal\/wp-json\/wp\/v2\/tags?post=16337"}],"curies":[{"name":"wp","href":"https:\/\/api.w.org\/{rel}","templated":true}]}}