
{"id":16310,"date":"2012-05-27T18:07:53","date_gmt":"2012-05-27T21:07:53","guid":{"rendered":"http:\/\/www.sudoestehoje.com.br\/novoportal\/?p=16310"},"modified":"2012-05-27T18:20:00","modified_gmt":"2012-05-27T21:20:00","slug":"baba-e-flagrada-espancando-crianca-em-feira-de-santana","status":"publish","type":"post","link":"https:\/\/www.sudoestehoje.com.br\/novoportal\/2012\/05\/27\/baba-e-flagrada-espancando-crianca-em-feira-de-santana\/","title":{"rendered":"BAB\u00c1 \u00c9 FLAGRADA ESPANCANDO CRIAN\u00c7A EM FEIRA DE SANTANA"},"content":{"rendered":"<p>http:\/\/www.youtube.com\/watch?feature=player_embedded&#038;v=wlh6nOEMlTk#!<\/p>\n","protected":false},"excerpt":{"rendered":"<p>http:\/\/www.youtube.com\/watch?feature=player_embedded&#038;v=wlh6nOEMlTk#!<\/p>\n","protected":false},"author":2,"featured_media":0,"comment_status":"open","ping_status":"open","sticky":false,"template":"","format":"standard","meta":{"footnotes":"","_links_to":"","_links_to_target":""},"categories":[1],"tags":[],"class_list":["post-16310","post","type-post","status-publish","format-standard","hentry","category-geral"],"views":1168,"_links":{"self":[{"href":"https:\/\/www.sudoestehoje.com.br\/novoportal\/wp-json\/wp\/v2\/posts\/16310","targetHints":{"allow":["GET"]}}],"collection":[{"href":"https:\/\/www.sudoestehoje.com.br\/novoportal\/wp-json\/wp\/v2\/posts"}],"about":[{"href":"https:\/\/www.sudoestehoje.com.br\/novoportal\/wp-json\/wp\/v2\/types\/post"}],"author":[{"embeddable":true,"href":"https:\/\/www.sudoestehoje.com.br\/novoportal\/wp-json\/wp\/v2\/users\/2"}],"replies":[{"embeddable":true,"href":"https:\/\/www.sudoestehoje.com.br\/novoportal\/wp-json\/wp\/v2\/comments?post=16310"}],"version-history":[{"count":5,"href":"https:\/\/www.sudoestehoje.com.br\/novoportal\/wp-json\/wp\/v2\/posts\/16310\/revisions"}],"predecessor-version":[{"id":16315,"href":"https:\/\/www.sudoestehoje.com.br\/novoportal\/wp-json\/wp\/v2\/posts\/16310\/revisions\/16315"}],"wp:attachment":[{"href":"https:\/\/www.sudoestehoje.com.br\/novoportal\/wp-json\/wp\/v2\/media?parent=16310"}],"wp:term":[{"taxonomy":"category","embeddable":true,"href":"https:\/\/www.sudoestehoje.com.br\/novoportal\/wp-json\/wp\/v2\/categories?post=16310"},{"taxonomy":"post_tag","embeddable":true,"href":"https:\/\/www.sudoestehoje.com.br\/novoportal\/wp-json\/wp\/v2\/tags?post=16310"}],"curies":[{"name":"wp","href":"https:\/\/api.w.org\/{rel}","templated":true}]}}