
{"id":16302,"date":"2012-05-27T17:08:15","date_gmt":"2012-05-27T20:08:15","guid":{"rendered":"http:\/\/www.sudoestehoje.com.br\/novoportal\/?p=16302"},"modified":"2012-05-27T17:08:15","modified_gmt":"2012-05-27T20:08:15","slug":"floresta-azul-3-pessoas-morrem-em-acidente-com-kombi","status":"publish","type":"post","link":"https:\/\/www.sudoestehoje.com.br\/novoportal\/2012\/05\/27\/floresta-azul-3-pessoas-morrem-em-acidente-com-kombi\/","title":{"rendered":"FLORESTA AZUL: 3 PESSOAS MORREM EM ACIDENTE COM KOMBI"},"content":{"rendered":"<p><img decoding=\"async\" class=\"aligncenter\" src=\"http:\/\/www.bahianoticias.com.br\/fotos\/principal_noticias\/116699\/IMAGEM_NOTICIA_5.jpg\" alt=\"Floresta Azul: Tr\u00eas pessoas morrem em acidente com Kombi \" width=\"400\" \/><\/p>\n<p>&nbsp;<\/p>\n<p>FLORESTA AZUL: Tr\u00eas pessoas morreram e uma ficou gravemente ferida em um acidente na manh\u00e3 deste domingo (27) no munic\u00edpio de Floresta Azul, no sul da Bahia. De acordo com a Pol\u00edcia Militar, o motorista da Kombi perdeu o controle em uma ponte da BA-415 e o ve\u00edculo caiu dentro do rio. Ainda segundo informa\u00e7\u00f5es, o ve\u00edculo era usado para transporte e levava moradores de Floresta Azul para a cidade vizinha de Ibicara\u00ed.<\/p>\n<p>O motorista teve ferimentos graves e foi levado para o Hospital de Base de Itabuna. Uma equipe do Departamento de Pol\u00edcia T\u00e9cnica de Itabuna (DPT) j\u00e1 foi enviada ao local para fazer a remo\u00e7\u00e3o dos corpos e realizar per\u00edcia na \u00e1rea do acidente.<\/p>\n","protected":false},"excerpt":{"rendered":"<p>&nbsp; FLORESTA AZUL: Tr\u00eas pessoas morreram e uma ficou gravemente ferida em um acidente na manh\u00e3 deste domingo (27) no munic\u00edpio de Floresta Azul, no sul da Bahia. De acordo com a Pol\u00edcia Militar, o motorista da Kombi perdeu o controle em uma ponte da BA-415 e o ve\u00edculo caiu dentro do rio. Ainda segundo [&hellip;]<\/p>\n","protected":false},"author":2,"featured_media":0,"comment_status":"open","ping_status":"open","sticky":false,"template":"","format":"standard","meta":{"footnotes":"","_links_to":"","_links_to_target":""},"categories":[1],"tags":[],"class_list":["post-16302","post","type-post","status-publish","format-standard","hentry","category-geral"],"views":2043,"_links":{"self":[{"href":"https:\/\/www.sudoestehoje.com.br\/novoportal\/wp-json\/wp\/v2\/posts\/16302","targetHints":{"allow":["GET"]}}],"collection":[{"href":"https:\/\/www.sudoestehoje.com.br\/novoportal\/wp-json\/wp\/v2\/posts"}],"about":[{"href":"https:\/\/www.sudoestehoje.com.br\/novoportal\/wp-json\/wp\/v2\/types\/post"}],"author":[{"embeddable":true,"href":"https:\/\/www.sudoestehoje.com.br\/novoportal\/wp-json\/wp\/v2\/users\/2"}],"replies":[{"embeddable":true,"href":"https:\/\/www.sudoestehoje.com.br\/novoportal\/wp-json\/wp\/v2\/comments?post=16302"}],"version-history":[{"count":3,"href":"https:\/\/www.sudoestehoje.com.br\/novoportal\/wp-json\/wp\/v2\/posts\/16302\/revisions"}],"predecessor-version":[{"id":16305,"href":"https:\/\/www.sudoestehoje.com.br\/novoportal\/wp-json\/wp\/v2\/posts\/16302\/revisions\/16305"}],"wp:attachment":[{"href":"https:\/\/www.sudoestehoje.com.br\/novoportal\/wp-json\/wp\/v2\/media?parent=16302"}],"wp:term":[{"taxonomy":"category","embeddable":true,"href":"https:\/\/www.sudoestehoje.com.br\/novoportal\/wp-json\/wp\/v2\/categories?post=16302"},{"taxonomy":"post_tag","embeddable":true,"href":"https:\/\/www.sudoestehoje.com.br\/novoportal\/wp-json\/wp\/v2\/tags?post=16302"}],"curies":[{"name":"wp","href":"https:\/\/api.w.org\/{rel}","templated":true}]}}