
{"id":16294,"date":"2012-05-27T16:51:30","date_gmt":"2012-05-27T19:51:30","guid":{"rendered":"http:\/\/www.sudoestehoje.com.br\/novoportal\/?p=16294"},"modified":"2012-05-27T17:57:18","modified_gmt":"2012-05-27T20:57:18","slug":"inscricoes-do-enem-abrem-nesta-segunda-e-vao-ate-15-de-junho","status":"publish","type":"post","link":"https:\/\/www.sudoestehoje.com.br\/novoportal\/2012\/05\/27\/inscricoes-do-enem-abrem-nesta-segunda-e-vao-ate-15-de-junho\/","title":{"rendered":"INSCRI\u00c7\u00d5ES DO ENEM ABREM NESTA SEGUNDA E V\u00c3O AT\u00c9 15 DE JUNHO"},"content":{"rendered":"<p><img decoding=\"async\" class=\"aligncenter\" src=\"http:\/\/blog.atepassar.com\/wp-content\/uploads\/2012\/05\/enem-atento-prazos-estutandes-atepassar.jpg\" alt=\"\" width=\"400\" \/><\/p>\n<p>&nbsp;<\/p>\n<p>A partir desta segunda-feira (28), estudantes de todo o pa\u00eds poder\u00e3o se inscrever para o Exame Nacional do Ensino M\u00e9dio (Enem) no site do Instituto Nacional de Estudos e Pesquisas Educacionais An\u00edsio Teixeira (portal.inep.gov.br). A inscri\u00e7\u00e3o segue at\u00e9 o dia 15 de junho e custa R$ 35.<\/p>\n<p>A taxa deve ser paga at\u00e9 o dia 20 de junho, mas \u00e9 poss\u00edvel pedir isen\u00e7\u00e3o, caso o aluno esteja cursando o \u00faltimo ano do ensino m\u00e9dio em escola p\u00fablica. Se n\u00e3o se encaixar no perfil, \u00e9 necess\u00e1rio declarar car\u00eancia no ato da inscri\u00e7\u00e3o.<!--more--><\/p>\n<p>O exame acontece nos dias 3 e 4 de novembro. A prova ter\u00e1 180 quest\u00f5es de Ci\u00eancias Humanas, Ci\u00eancias da Natureza, Linguagens e C\u00f3digos e Matem\u00e1tica, al\u00e9m da reda\u00e7\u00e3o. Esse ano o Minist\u00e9rio da Educa\u00e7\u00e3o (MEC) anunciou algumas mudan\u00e7as.<\/p>\n<p>Os candidatos ter\u00e3o acesso \u00e0 c\u00f3pia corrigida da prova no portal do Enem no dia 28 de dezembro e os gabaritos ser\u00e3o divulgados em 7 de novembro. A nota da reda\u00e7\u00e3o ser\u00e1 a m\u00e9dia aritm\u00e9tica entre as notas estabelecidas pelos corretores.<\/p>\n<p>A nota do Enem pode ser usada para concorrer a vagas em institui\u00e7\u00f5es p\u00fablicas de ensino superior, atrav\u00e9s do Sistema de Sele\u00e7\u00e3o Unificada (Sisu), ou bolsas em institui\u00e7\u00f5es privadas, atrav\u00e9s do Programa Universidade para Todos (Prouni).<\/p>\n","protected":false},"excerpt":{"rendered":"<p>&nbsp; A partir desta segunda-feira (28), estudantes de todo o pa\u00eds poder\u00e3o se inscrever para o Exame Nacional do Ensino M\u00e9dio (Enem) no site do Instituto Nacional de Estudos e Pesquisas Educacionais An\u00edsio Teixeira (portal.inep.gov.br). A inscri\u00e7\u00e3o segue at\u00e9 o dia 15 de junho e custa R$ 35. A taxa deve ser paga at\u00e9 o [&hellip;]<\/p>\n","protected":false},"author":2,"featured_media":0,"comment_status":"open","ping_status":"open","sticky":false,"template":"","format":"standard","meta":{"footnotes":"","_links_to":"","_links_to_target":""},"categories":[1],"tags":[],"class_list":["post-16294","post","type-post","status-publish","format-standard","hentry","category-geral"],"views":1180,"_links":{"self":[{"href":"https:\/\/www.sudoestehoje.com.br\/novoportal\/wp-json\/wp\/v2\/posts\/16294","targetHints":{"allow":["GET"]}}],"collection":[{"href":"https:\/\/www.sudoestehoje.com.br\/novoportal\/wp-json\/wp\/v2\/posts"}],"about":[{"href":"https:\/\/www.sudoestehoje.com.br\/novoportal\/wp-json\/wp\/v2\/types\/post"}],"author":[{"embeddable":true,"href":"https:\/\/www.sudoestehoje.com.br\/novoportal\/wp-json\/wp\/v2\/users\/2"}],"replies":[{"embeddable":true,"href":"https:\/\/www.sudoestehoje.com.br\/novoportal\/wp-json\/wp\/v2\/comments?post=16294"}],"version-history":[{"count":4,"href":"https:\/\/www.sudoestehoje.com.br\/novoportal\/wp-json\/wp\/v2\/posts\/16294\/revisions"}],"predecessor-version":[{"id":16309,"href":"https:\/\/www.sudoestehoje.com.br\/novoportal\/wp-json\/wp\/v2\/posts\/16294\/revisions\/16309"}],"wp:attachment":[{"href":"https:\/\/www.sudoestehoje.com.br\/novoportal\/wp-json\/wp\/v2\/media?parent=16294"}],"wp:term":[{"taxonomy":"category","embeddable":true,"href":"https:\/\/www.sudoestehoje.com.br\/novoportal\/wp-json\/wp\/v2\/categories?post=16294"},{"taxonomy":"post_tag","embeddable":true,"href":"https:\/\/www.sudoestehoje.com.br\/novoportal\/wp-json\/wp\/v2\/tags?post=16294"}],"curies":[{"name":"wp","href":"https:\/\/api.w.org\/{rel}","templated":true}]}}