
{"id":16273,"date":"2012-05-26T18:47:21","date_gmt":"2012-05-26T21:47:21","guid":{"rendered":"http:\/\/www.sudoestehoje.com.br\/novoportal\/?p=16273"},"modified":"2012-05-26T18:47:21","modified_gmt":"2012-05-26T21:47:21","slug":"arnaldo-teixeira-defende-um-bom-nome-para-unir-oposicoes","status":"publish","type":"post","link":"https:\/\/www.sudoestehoje.com.br\/novoportal\/2012\/05\/26\/arnaldo-teixeira-defende-um-bom-nome-para-unir-oposicoes\/","title":{"rendered":"ARNALDO TEIXEIRA DEFENDE UM BOM NOME PARA UNIR OPOSI\u00c7\u00d5ES"},"content":{"rendered":"<p>Dr. Arnaldo Teixeira, pr\u00e9-candidato a prefeito pelo PR, tamb\u00e9m esteve presente ao lan\u00e7amento da pr\u00e9-candidatura de Jorge Pantera (PSB), na noite desta sexta-feira (25), e falou sobre o governo atual. Arnaldo enfatizou sua participa\u00e7\u00e3o politica junto \u00e0 sociedade itapetinguense e deu \u00eanfase \u00e0 uni\u00e3o das oposi\u00e7\u00f5es: \u00a0&#8220;o nome est\u00e1 abaixo do projeto para Itapetinga, mas o qualquer nome que for escolhido, que seja um nome bom pra nossa cidade&#8221;.\u00a0 Veja mais no v\u00eddeo:<\/p>\n<p>http:\/\/www.youtube.com\/watch?v=oBAGcNG3AMc&#038;feature=player_embedded<\/p>\n<p>Informa\u00e7\u00f5es do <em>Tribuna de Itapetinga<\/em><\/p>\n","protected":false},"excerpt":{"rendered":"<p>Dr. Arnaldo Teixeira, pr\u00e9-candidato a prefeito pelo PR, tamb\u00e9m esteve presente ao lan\u00e7amento da pr\u00e9-candidatura de Jorge Pantera (PSB), na noite desta sexta-feira (25), e falou sobre o governo atual. Arnaldo enfatizou sua participa\u00e7\u00e3o politica junto \u00e0 sociedade itapetinguense e deu \u00eanfase \u00e0 uni\u00e3o das oposi\u00e7\u00f5es: \u00a0&#8220;o nome est\u00e1 abaixo do projeto para Itapetinga, mas [&hellip;]<\/p>\n","protected":false},"author":2,"featured_media":0,"comment_status":"open","ping_status":"open","sticky":false,"template":"","format":"standard","meta":{"footnotes":"","_links_to":"","_links_to_target":""},"categories":[1],"tags":[],"class_list":["post-16273","post","type-post","status-publish","format-standard","hentry","category-geral"],"views":2176,"_links":{"self":[{"href":"https:\/\/www.sudoestehoje.com.br\/novoportal\/wp-json\/wp\/v2\/posts\/16273","targetHints":{"allow":["GET"]}}],"collection":[{"href":"https:\/\/www.sudoestehoje.com.br\/novoportal\/wp-json\/wp\/v2\/posts"}],"about":[{"href":"https:\/\/www.sudoestehoje.com.br\/novoportal\/wp-json\/wp\/v2\/types\/post"}],"author":[{"embeddable":true,"href":"https:\/\/www.sudoestehoje.com.br\/novoportal\/wp-json\/wp\/v2\/users\/2"}],"replies":[{"embeddable":true,"href":"https:\/\/www.sudoestehoje.com.br\/novoportal\/wp-json\/wp\/v2\/comments?post=16273"}],"version-history":[{"count":3,"href":"https:\/\/www.sudoestehoje.com.br\/novoportal\/wp-json\/wp\/v2\/posts\/16273\/revisions"}],"predecessor-version":[{"id":16276,"href":"https:\/\/www.sudoestehoje.com.br\/novoportal\/wp-json\/wp\/v2\/posts\/16273\/revisions\/16276"}],"wp:attachment":[{"href":"https:\/\/www.sudoestehoje.com.br\/novoportal\/wp-json\/wp\/v2\/media?parent=16273"}],"wp:term":[{"taxonomy":"category","embeddable":true,"href":"https:\/\/www.sudoestehoje.com.br\/novoportal\/wp-json\/wp\/v2\/categories?post=16273"},{"taxonomy":"post_tag","embeddable":true,"href":"https:\/\/www.sudoestehoje.com.br\/novoportal\/wp-json\/wp\/v2\/tags?post=16273"}],"curies":[{"name":"wp","href":"https:\/\/api.w.org\/{rel}","templated":true}]}}