
{"id":16239,"date":"2012-05-26T11:44:46","date_gmt":"2012-05-26T14:44:46","guid":{"rendered":"http:\/\/www.sudoestehoje.com.br\/novoportal\/?p=16239"},"modified":"2012-05-26T18:56:31","modified_gmt":"2012-05-26T21:56:31","slug":"lancamento-de-jorge-pantera-reune-oposicionistas-e-dissidentes-do-grupo-governista","status":"publish","type":"post","link":"https:\/\/www.sudoestehoje.com.br\/novoportal\/2012\/05\/26\/lancamento-de-jorge-pantera-reune-oposicionistas-e-dissidentes-do-grupo-governista\/","title":{"rendered":"ELEI\u00c7\u00d5ES 2012: LAN\u00c7AMENTO DE JORGE PANTERA RE\u00daNE OPOSICIONISTAS E DISSIDENTES DO GRUPO GOVERNISTA"},"content":{"rendered":"<div id=\"yui_3_2_0_1_1338040041016119\">\n<p id=\"yui_3_2_0_1_1338040041016116\" style=\"text-align: center;\"><em>Foto Slide Ascom PSB<\/em><\/p>\n<p><img decoding=\"async\" class=\"aligncenter\" src=\"http:\/\/2.bp.blogspot.com\/-m1taLSI07UA\/T8DbV_i5CTI\/AAAAAAAAAec\/yIi9ed3D838\/s640\/lan%C3%A7amento.gif\" alt=\"\" \/><\/p>\n<p>&nbsp;<\/p>\n<p><span id=\"yui_3_2_0_1_1338040041016113\" style=\"color: windowtext;\" lang=\"PT-BR\">ITAPETINGA: Aconteceu, nesta sexta-feira (25), a apresenta\u00e7\u00e3o do pr\u00e9-candidato a prefeito, Jorge Pantera e da chapa proporcional de vereadores do PSB, que dever\u00e3o ser escolhidos pela conven\u00e7\u00e3o municipal do partido, no pr\u00f3ximo m\u00eas de junho. <\/span><\/p>\n<p><span id=\"yui_3_2_0_1_1338040041016113\" style=\"color: windowtext;\" lang=\"PT-BR\">O evento de pr\u00e9-lan\u00e7amento de Jorge Pantera contou com o comparecimento de todos os pr\u00e9-candidatos a prefeito do bloco das oposi\u00e7\u00f5es e at\u00e9 de um dos pr\u00e9-candidatos a prefeito pelo PT que ir\u00e1 disputar \u00e0 pr\u00e9via do partido governista, no pr\u00f3ximo dia 10 de junho, contra o atual prefeito.<!--more--> <\/span><\/p>\n<p><span id=\"yui_3_2_0_1_1338040041016113\" style=\"color: windowtext;\" lang=\"PT-BR\">Representa\u00e7\u00f5es dos partidos PSB, PR, PCdoB, PV, PSDC, PT, PDT, PMDB e DEM marcaram presen\u00e7a no evento do PSB, o que demonstra a disposi\u00e7\u00e3o de uma uni\u00e3o oposicionista em torno de uma candidatura forte para disputar o pr\u00f3ximo pleito. <\/span><\/p>\n<p><span id=\"yui_3_2_0_1_1338040041016113\" style=\"color: windowtext;\" lang=\"PT-BR\">Usaram da palavra os pr\u00e9-candidatos a prefeito Gilson de Jesus (PCdoB), a ex vice-prefeita, K\u00e1tia Espinheira (PMDB), o ex deputado estadual, Arnaldo Teixeira (PR), Miraldo Mota (PT) e a vereadora Naara Duarte, que representou o pr\u00e9-candidato a prefeito Geraldo Trindade (DEM). Todos foram taxativos em afirmar que o ato do PSB de Itapetinga aponta o caminho para a unidade das oposi\u00e7\u00f5es, inclusive com um dos pr\u00e9-candidatos do PT, o empres\u00e1rio Miraldo Mota.<\/span><\/p>\n<p>No seu discurso de encerramento do evento, o presidente do PSB e pr\u00e9-candidato a prefeito Jorge Pantera cobrou dos demais candidatos de oposi\u00e7\u00e3o que que se re\u00fanam para discutir pontos comuns de programa de governo e s\u00f3 depois estabelecer as regras para solidificar a unidade em torno de um nome, que dever\u00e1 levar a bandeira da moral e da \u00e9tica na pol\u00edtica em Itapetinga.<\/p>\n<p><span id=\"yui_3_2_0_1_1338040041016113\" style=\"color: windowtext;\" lang=\"PT-BR\"> Testemunhando a import\u00e2ncia hist\u00f3rica do acontecimento, presenciaram o evento os vereadores, Ded\u00e9 Morais (PSB) e at\u00e9 os &#8216;dissidentes&#8217; Romildo Teixeira (PDT) e \u00a0Jacy Almeida (PDT), al\u00e9m do governista Marcos Gabrielli (PT) e v\u00e1rios ex-vereadores e l\u00edderes partid\u00e1rios.\u00a0<\/span><span style=\"color: windowtext;\">Com Informa\u00e7\u00f5es da <em>Ascom PSB &#8211; Itapetinga<\/em><\/span><\/p>\n<\/div>\n","protected":false},"excerpt":{"rendered":"<p>Foto Slide Ascom PSB &nbsp; ITAPETINGA: Aconteceu, nesta sexta-feira (25), a apresenta\u00e7\u00e3o do pr\u00e9-candidato a prefeito, Jorge Pantera e da chapa proporcional de vereadores do PSB, que dever\u00e3o ser escolhidos pela conven\u00e7\u00e3o municipal do partido, no pr\u00f3ximo m\u00eas de junho. O evento de pr\u00e9-lan\u00e7amento de Jorge Pantera contou com o comparecimento de todos os pr\u00e9-candidatos [&hellip;]<\/p>\n","protected":false},"author":2,"featured_media":0,"comment_status":"open","ping_status":"open","sticky":false,"template":"","format":"standard","meta":{"footnotes":"","_links_to":"","_links_to_target":""},"categories":[1],"tags":[],"class_list":["post-16239","post","type-post","status-publish","format-standard","hentry","category-geral"],"views":1293,"_links":{"self":[{"href":"https:\/\/www.sudoestehoje.com.br\/novoportal\/wp-json\/wp\/v2\/posts\/16239","targetHints":{"allow":["GET"]}}],"collection":[{"href":"https:\/\/www.sudoestehoje.com.br\/novoportal\/wp-json\/wp\/v2\/posts"}],"about":[{"href":"https:\/\/www.sudoestehoje.com.br\/novoportal\/wp-json\/wp\/v2\/types\/post"}],"author":[{"embeddable":true,"href":"https:\/\/www.sudoestehoje.com.br\/novoportal\/wp-json\/wp\/v2\/users\/2"}],"replies":[{"embeddable":true,"href":"https:\/\/www.sudoestehoje.com.br\/novoportal\/wp-json\/wp\/v2\/comments?post=16239"}],"version-history":[{"count":5,"href":"https:\/\/www.sudoestehoje.com.br\/novoportal\/wp-json\/wp\/v2\/posts\/16239\/revisions"}],"predecessor-version":[{"id":16281,"href":"https:\/\/www.sudoestehoje.com.br\/novoportal\/wp-json\/wp\/v2\/posts\/16239\/revisions\/16281"}],"wp:attachment":[{"href":"https:\/\/www.sudoestehoje.com.br\/novoportal\/wp-json\/wp\/v2\/media?parent=16239"}],"wp:term":[{"taxonomy":"category","embeddable":true,"href":"https:\/\/www.sudoestehoje.com.br\/novoportal\/wp-json\/wp\/v2\/categories?post=16239"},{"taxonomy":"post_tag","embeddable":true,"href":"https:\/\/www.sudoestehoje.com.br\/novoportal\/wp-json\/wp\/v2\/tags?post=16239"}],"curies":[{"name":"wp","href":"https:\/\/api.w.org\/{rel}","templated":true}]}}