
{"id":16231,"date":"2012-05-26T00:07:11","date_gmt":"2012-05-26T03:07:11","guid":{"rendered":"http:\/\/www.sudoestehoje.com.br\/novoportal\/?p=16231"},"modified":"2012-05-26T01:28:12","modified_gmt":"2012-05-26T04:28:12","slug":"16231","status":"publish","type":"post","link":"https:\/\/www.sudoestehoje.com.br\/novoportal\/2012\/05\/26\/16231\/","title":{"rendered":"CONQUISTA: FABR\u00cdCIO DESISTE DE CANDIDATURA E APOIA GUILHERME"},"content":{"rendered":"<p><img decoding=\"async\" class=\"aligncenter\" src=\"http:\/\/www.blogdoanderson.com\/v2\/wp-content\/uploads\/2012\/05\/DSC_0002-001.jpg\" alt=\"\" width=\"400\" \/><\/p>\n<p style=\"text-align: center;\"><em>Uni\u00e3o entre PT e PCdoB foi comemorada em um jantar, nesta sexta-feira(25)<\/em><\/p>\n<p>&nbsp;<\/p>\n<p>Em Vit\u00f3ria da Conquista, o deputado estadual Fabr\u00edcio Falc\u00e3o (PCdoB) desistiu de lan\u00e7ar a sua candidatura a prefeito e declarou apoiou \u00e0 reelei\u00e7\u00e3o do prefeito Guilherme Menezes (PT).<\/p>\n<p>Muito provavelmente, a partir da pr\u00f3xima semana, o PC do B voltar\u00e1 a ter um espa\u00e7o expressivo dentro do governo municipal. Segundo informa\u00e7\u00f5es, Fabr\u00edcio Falc\u00e3o n\u00e3o conseguiu viabilizar eleitoralmente a sua candidatura, raz\u00e3o pela qual resolveu adiar os seus planos de governar a terceira maior cidade do Estado.<\/p>\n<p>A sucess\u00e3o municipal dever\u00e1 ser polarizada pelo prefeito Guilherme Menezes e o radialista Herzem Gusm\u00e3o (PMDB). Vale lembrar que essa elei\u00e7\u00e3o ser\u00e1 a primeira em Vit\u00f3ria da Conquista com possibilidade da realiza\u00e7\u00e3o de 2\u00ba turno, em raz\u00e3o do n\u00famero de eleitores do munic\u00edpio ter ultrapassado a casa dos 200 mil.<\/p>\n<h4><\/h4>\n","protected":false},"excerpt":{"rendered":"<p>Uni\u00e3o entre PT e PCdoB foi comemorada em um jantar, nesta sexta-feira(25) &nbsp; Em Vit\u00f3ria da Conquista, o deputado estadual Fabr\u00edcio Falc\u00e3o (PCdoB) desistiu de lan\u00e7ar a sua candidatura a prefeito e declarou apoiou \u00e0 reelei\u00e7\u00e3o do prefeito Guilherme Menezes (PT). Muito provavelmente, a partir da pr\u00f3xima semana, o PC do B voltar\u00e1 a ter [&hellip;]<\/p>\n","protected":false},"author":2,"featured_media":0,"comment_status":"open","ping_status":"open","sticky":false,"template":"","format":"standard","meta":{"footnotes":"","_links_to":"","_links_to_target":""},"categories":[1],"tags":[],"class_list":["post-16231","post","type-post","status-publish","format-standard","hentry","category-geral"],"views":1328,"_links":{"self":[{"href":"https:\/\/www.sudoestehoje.com.br\/novoportal\/wp-json\/wp\/v2\/posts\/16231","targetHints":{"allow":["GET"]}}],"collection":[{"href":"https:\/\/www.sudoestehoje.com.br\/novoportal\/wp-json\/wp\/v2\/posts"}],"about":[{"href":"https:\/\/www.sudoestehoje.com.br\/novoportal\/wp-json\/wp\/v2\/types\/post"}],"author":[{"embeddable":true,"href":"https:\/\/www.sudoestehoje.com.br\/novoportal\/wp-json\/wp\/v2\/users\/2"}],"replies":[{"embeddable":true,"href":"https:\/\/www.sudoestehoje.com.br\/novoportal\/wp-json\/wp\/v2\/comments?post=16231"}],"version-history":[{"count":6,"href":"https:\/\/www.sudoestehoje.com.br\/novoportal\/wp-json\/wp\/v2\/posts\/16231\/revisions"}],"predecessor-version":[{"id":16237,"href":"https:\/\/www.sudoestehoje.com.br\/novoportal\/wp-json\/wp\/v2\/posts\/16231\/revisions\/16237"}],"wp:attachment":[{"href":"https:\/\/www.sudoestehoje.com.br\/novoportal\/wp-json\/wp\/v2\/media?parent=16231"}],"wp:term":[{"taxonomy":"category","embeddable":true,"href":"https:\/\/www.sudoestehoje.com.br\/novoportal\/wp-json\/wp\/v2\/categories?post=16231"},{"taxonomy":"post_tag","embeddable":true,"href":"https:\/\/www.sudoestehoje.com.br\/novoportal\/wp-json\/wp\/v2\/tags?post=16231"}],"curies":[{"name":"wp","href":"https:\/\/api.w.org\/{rel}","templated":true}]}}